{"id":5710,"date":"2023-03-03T13:02:20","date_gmt":"2023-03-03T13:02:20","guid":{"rendered":"https:\/\/aaep.org.ar\/?p=5710"},"modified":"2023-03-03T13:02:21","modified_gmt":"2023-03-03T13:02:21","slug":"programa-mais-medicos-y-capital-humano-en-argentina-fuga-de-cerebros-en-el-sector-salud","status":"publish","type":"post","link":"https:\/\/aaep.org.ar\/?p=5710","title":{"rendered":"Programa Mais M\u00e9dicos y capital humano en Argentina: \u00bfFuga de cerebros en el sector salud?"},"content":{"rendered":"<iframe loading=\"lazy\" class=\"wonderplugin-pdf-iframe\" src=\"https:\/\/aaep.org.ar\/wp-content\/plugins\/wonderplugin-pdf-embed\/pdfjslight\/web\/viewer.html?v=2&file=https:\/\/aaep.org.ar\/works\/works2022\/4546.pdf\" width=\"100%\" height=\"600px\" style=\"border:0;\"><\/iframe>\n","protected":false},"excerpt":{"rendered":"<p>El programa Mais M\u00e9dicos (2013) de Brasil intent\u00f3 atraer m\u00e9dicos a las zonas rurales y perif\u00e9ricas de aquel pa\u00eds a partir de la inmigraci\u00f3n de estos profesionales. Su creaci\u00f3n gener\u00f3 una extendida preocupaci\u00f3n en las zonas de frontera de Argentina por la potencial fuga de cerebros (emigraci\u00f3n de profesionales calificados) en el sector salud. En este trabajo brindamos evidencia sobre este t\u00f3pico. La estrategia de identificaci\u00f3n explota el timing plausiblemente ex\u00f3geno en la implementaci\u00f3n del programa y los diferentes grados de proximidad de las provincias argentinas con respecto a Brasil. Los resultados sugieren que, a pesar de la extendida creencia de una fuga de cerebros hacia Brasil, la disponibilidad de m\u00e9dicos no mostr\u00f3 una reducci\u00f3n significativa, luego del programa, en las zonas de frontera. Esto es robusto frente a m\u00faltiples checks y placebos. Desde una \u00f3ptica de equidad territorial, no hay evidencia de que la creaci\u00f3n del programa haya contribuido a ampliar las disparidades regionales en Argentina (i.e. menos m\u00e9dicos en la regi\u00f3n m\u00e1s pobre).<\/p>\n","protected":false},"author":1,"featured_media":0,"comment_status":"closed","ping_status":"open","sticky":false,"template":"","format":"standard","meta":{"_acf_changed":false,"_coblocks_attr":"","_coblocks_dimensions":"","_coblocks_responsive_height":"","_coblocks_accordion_ie_support":"","footnotes":""},"categories":[29],"tags":[30],"class_list":["post-5710","post","type-post","status-publish","format-standard","hentry","category-anales","tag-aaep-anales-2022"],"acf":[],"yoast_head":"<!-- This site is optimized with the Yoast SEO plugin v27.5 - https:\/\/yoast.com\/product\/yoast-seo-wordpress\/ -->\n<title>Programa Mais M\u00e9dicos y capital humano en Argentina: \u00bfFuga de cerebros en el sector salud? - Asociaci\u00f3n Argentina de Econom\u00eda Pol\u00edtica<\/title>\n<meta name=\"robots\" content=\"noindex, follow\" \/>\n<meta property=\"og:locale\" content=\"es_ES\" \/>\n<meta property=\"og:type\" content=\"article\" \/>\n<meta property=\"og:title\" content=\"Programa Mais M\u00e9dicos y capital humano en Argentina: \u00bfFuga de cerebros en el sector salud? - Asociaci\u00f3n Argentina de Econom\u00eda Pol\u00edtica\" \/>\n<meta property=\"og:description\" content=\"El programa Mais M\u00e9dicos (2013) de Brasil intent\u00f3 atraer m\u00e9dicos a las zonas rurales y perif\u00e9ricas de aquel pa\u00eds a partir de la inmigraci\u00f3n de estos profesionales. Su creaci\u00f3n gener\u00f3 una extendida preocupaci\u00f3n en las zonas de frontera de Argentina por la potencial fuga de cerebros (emigraci\u00f3n de profesionales calificados) en el sector salud. En este trabajo brindamos evidencia sobre este t\u00f3pico. La estrategia de identificaci\u00f3n explota el timing plausiblemente ex\u00f3geno en la implementaci\u00f3n del programa y los diferentes grados de proximidad de las provincias argentinas con respecto a Brasil. Los resultados sugieren que, a pesar de la extendida creencia de una fuga de cerebros hacia Brasil, la disponibilidad de m\u00e9dicos no mostr\u00f3 una reducci\u00f3n significativa, luego del programa, en las zonas de frontera. Esto es robusto frente a m\u00faltiples checks y placebos. Desde una \u00f3ptica de equidad territorial, no hay evidencia de que la creaci\u00f3n del programa haya contribuido a ampliar las disparidades regionales en Argentina (i.e. menos m\u00e9dicos en la regi\u00f3n m\u00e1s pobre).\" \/>\n<meta property=\"og:url\" content=\"https:\/\/aaep.org.ar\/?p=5710\" \/>\n<meta property=\"og:site_name\" content=\"Asociaci\u00f3n Argentina de Econom\u00eda Pol\u00edtica\" \/>\n<meta property=\"article:published_time\" content=\"2023-03-03T13:02:20+00:00\" \/>\n<meta property=\"article:modified_time\" content=\"2023-03-03T13:02:21+00:00\" \/>\n<meta name=\"author\" content=\"aaepolitica\" \/>\n<meta name=\"twitter:card\" content=\"summary_large_image\" \/>\n<meta name=\"twitter:creator\" content=\"@aaepoficial\" \/>\n<meta name=\"twitter:site\" content=\"@aaepoficial\" \/>\n<meta name=\"twitter:label1\" content=\"Escrito por\" \/>\n\t<meta name=\"twitter:data1\" content=\"aaepolitica\" \/>\n<script type=\"application\/ld+json\" class=\"yoast-schema-graph\">{\"@context\":\"https:\\\/\\\/schema.org\",\"@graph\":[{\"@type\":\"Article\",\"@id\":\"https:\\\/\\\/aaep.org.ar\\\/?p=5710#article\",\"isPartOf\":{\"@id\":\"https:\\\/\\\/aaep.org.ar\\\/?p=5710\"},\"author\":{\"name\":\"aaepolitica\",\"@id\":\"https:\\\/\\\/aaep.org.ar\\\/#\\\/schema\\\/person\\\/7150b747ba20875259c74b2cd177316c\"},\"headline\":\"Programa Mais M\u00e9dicos y capital humano en Argentina: \u00bfFuga de cerebros en el sector salud?\",\"datePublished\":\"2023-03-03T13:02:20+00:00\",\"dateModified\":\"2023-03-03T13:02:21+00:00\",\"mainEntityOfPage\":{\"@id\":\"https:\\\/\\\/aaep.org.ar\\\/?p=5710\"},\"wordCount\":31,\"publisher\":{\"@id\":\"https:\\\/\\\/aaep.org.ar\\\/#organization\"},\"keywords\":[\"AAEP Anales 2022\"],\"articleSection\":[\"Anales\"],\"inLanguage\":\"es\"},{\"@type\":\"WebPage\",\"@id\":\"https:\\\/\\\/aaep.org.ar\\\/?p=5710\",\"url\":\"https:\\\/\\\/aaep.org.ar\\\/?p=5710\",\"name\":\"Programa Mais M\u00e9dicos y capital humano en Argentina: \u00bfFuga de cerebros en el sector salud? - Asociaci\u00f3n Argentina de Econom\u00eda Pol\u00edtica\",\"isPartOf\":{\"@id\":\"https:\\\/\\\/aaep.org.ar\\\/#website\"},\"datePublished\":\"2023-03-03T13:02:20+00:00\",\"dateModified\":\"2023-03-03T13:02:21+00:00\",\"breadcrumb\":{\"@id\":\"https:\\\/\\\/aaep.org.ar\\\/?p=5710#breadcrumb\"},\"inLanguage\":\"es\",\"potentialAction\":[{\"@type\":\"ReadAction\",\"target\":[\"https:\\\/\\\/aaep.org.ar\\\/?p=5710\"]}]},{\"@type\":\"BreadcrumbList\",\"@id\":\"https:\\\/\\\/aaep.org.ar\\\/?p=5710#breadcrumb\",\"itemListElement\":[{\"@type\":\"ListItem\",\"position\":1,\"name\":\"Portada\",\"item\":\"https:\\\/\\\/aaep.org.ar\\\/\"},{\"@type\":\"ListItem\",\"position\":2,\"name\":\"Programa Mais M\u00e9dicos y capital humano en Argentina: \u00bfFuga de cerebros en el sector salud?\"}]},{\"@type\":\"WebSite\",\"@id\":\"https:\\\/\\\/aaep.org.ar\\\/#website\",\"url\":\"https:\\\/\\\/aaep.org.ar\\\/\",\"name\":\"Asociaci\u00f3n Argentina de Econom\u00eda Pol\u00edtica\",\"description\":\"Asociaci\u00f3n Argentina de Econom\u00eda Pol\u00edtica\",\"publisher\":{\"@id\":\"https:\\\/\\\/aaep.org.ar\\\/#organization\"},\"potentialAction\":[{\"@type\":\"SearchAction\",\"target\":{\"@type\":\"EntryPoint\",\"urlTemplate\":\"https:\\\/\\\/aaep.org.ar\\\/?s={search_term_string}\"},\"query-input\":{\"@type\":\"PropertyValueSpecification\",\"valueRequired\":true,\"valueName\":\"search_term_string\"}}],\"inLanguage\":\"es\"},{\"@type\":\"Organization\",\"@id\":\"https:\\\/\\\/aaep.org.ar\\\/#organization\",\"name\":\"Asociaci\u00f3n Argentina de Econom\u00eda Pol\u00edtica\",\"url\":\"https:\\\/\\\/aaep.org.ar\\\/\",\"logo\":{\"@type\":\"ImageObject\",\"inLanguage\":\"es\",\"@id\":\"https:\\\/\\\/aaep.org.ar\\\/#\\\/schema\\\/logo\\\/image\\\/\",\"url\":\"https:\\\/\\\/aaep.org.ar\\\/wp-content\\\/uploads\\\/2022\\\/05\\\/cropped-aaep_logo.png\",\"contentUrl\":\"https:\\\/\\\/aaep.org.ar\\\/wp-content\\\/uploads\\\/2022\\\/05\\\/cropped-aaep_logo.png\",\"width\":74,\"height\":49,\"caption\":\"Asociaci\u00f3n Argentina de Econom\u00eda Pol\u00edtica\"},\"image\":{\"@id\":\"https:\\\/\\\/aaep.org.ar\\\/#\\\/schema\\\/logo\\\/image\\\/\"},\"sameAs\":[\"https:\\\/\\\/x.com\\\/aaepoficial\",\"https:\\\/\\\/www.instagram.com\\\/aaepoficial\\\/\"]},{\"@type\":\"Person\",\"@id\":\"https:\\\/\\\/aaep.org.ar\\\/#\\\/schema\\\/person\\\/7150b747ba20875259c74b2cd177316c\",\"name\":\"aaepolitica\",\"image\":{\"@type\":\"ImageObject\",\"inLanguage\":\"es\",\"@id\":\"https:\\\/\\\/secure.gravatar.com\\\/avatar\\\/b4c835a24b26f7310194c9c19eee26567492d7a70e27fc0adad2d6b1983478c9?s=96&d=mm&r=g\",\"url\":\"https:\\\/\\\/secure.gravatar.com\\\/avatar\\\/b4c835a24b26f7310194c9c19eee26567492d7a70e27fc0adad2d6b1983478c9?s=96&d=mm&r=g\",\"contentUrl\":\"https:\\\/\\\/secure.gravatar.com\\\/avatar\\\/b4c835a24b26f7310194c9c19eee26567492d7a70e27fc0adad2d6b1983478c9?s=96&d=mm&r=g\",\"caption\":\"aaepolitica\"},\"sameAs\":[\"https:\\\/\\\/aaep.org.ar\"]}]}<\/script>\n<!-- \/ Yoast SEO plugin. -->","yoast_head_json":{"title":"Programa Mais M\u00e9dicos y capital humano en Argentina: \u00bfFuga de cerebros en el sector salud? - Asociaci\u00f3n Argentina de Econom\u00eda Pol\u00edtica","robots":{"index":"noindex","follow":"follow"},"og_locale":"es_ES","og_type":"article","og_title":"Programa Mais M\u00e9dicos y capital humano en Argentina: \u00bfFuga de cerebros en el sector salud? - Asociaci\u00f3n Argentina de Econom\u00eda Pol\u00edtica","og_description":"El programa Mais M\u00e9dicos (2013) de Brasil intent\u00f3 atraer m\u00e9dicos a las zonas rurales y perif\u00e9ricas de aquel pa\u00eds a partir de la inmigraci\u00f3n de estos profesionales. Su creaci\u00f3n gener\u00f3 una extendida preocupaci\u00f3n en las zonas de frontera de Argentina por la potencial fuga de cerebros (emigraci\u00f3n de profesionales calificados) en el sector salud. En este trabajo brindamos evidencia sobre este t\u00f3pico. La estrategia de identificaci\u00f3n explota el timing plausiblemente ex\u00f3geno en la implementaci\u00f3n del programa y los diferentes grados de proximidad de las provincias argentinas con respecto a Brasil. Los resultados sugieren que, a pesar de la extendida creencia de una fuga de cerebros hacia Brasil, la disponibilidad de m\u00e9dicos no mostr\u00f3 una reducci\u00f3n significativa, luego del programa, en las zonas de frontera. Esto es robusto frente a m\u00faltiples checks y placebos. Desde una \u00f3ptica de equidad territorial, no hay evidencia de que la creaci\u00f3n del programa haya contribuido a ampliar las disparidades regionales en Argentina (i.e. menos m\u00e9dicos en la regi\u00f3n m\u00e1s pobre).","og_url":"https:\/\/aaep.org.ar\/?p=5710","og_site_name":"Asociaci\u00f3n Argentina de Econom\u00eda Pol\u00edtica","article_published_time":"2023-03-03T13:02:20+00:00","article_modified_time":"2023-03-03T13:02:21+00:00","author":"aaepolitica","twitter_card":"summary_large_image","twitter_creator":"@aaepoficial","twitter_site":"@aaepoficial","twitter_misc":{"Escrito por":"aaepolitica"},"schema":{"@context":"https:\/\/schema.org","@graph":[{"@type":"Article","@id":"https:\/\/aaep.org.ar\/?p=5710#article","isPartOf":{"@id":"https:\/\/aaep.org.ar\/?p=5710"},"author":{"name":"aaepolitica","@id":"https:\/\/aaep.org.ar\/#\/schema\/person\/7150b747ba20875259c74b2cd177316c"},"headline":"Programa Mais M\u00e9dicos y capital humano en Argentina: \u00bfFuga de cerebros en el sector salud?","datePublished":"2023-03-03T13:02:20+00:00","dateModified":"2023-03-03T13:02:21+00:00","mainEntityOfPage":{"@id":"https:\/\/aaep.org.ar\/?p=5710"},"wordCount":31,"publisher":{"@id":"https:\/\/aaep.org.ar\/#organization"},"keywords":["AAEP Anales 2022"],"articleSection":["Anales"],"inLanguage":"es"},{"@type":"WebPage","@id":"https:\/\/aaep.org.ar\/?p=5710","url":"https:\/\/aaep.org.ar\/?p=5710","name":"Programa Mais M\u00e9dicos y capital humano en Argentina: \u00bfFuga de cerebros en el sector salud? - Asociaci\u00f3n Argentina de Econom\u00eda Pol\u00edtica","isPartOf":{"@id":"https:\/\/aaep.org.ar\/#website"},"datePublished":"2023-03-03T13:02:20+00:00","dateModified":"2023-03-03T13:02:21+00:00","breadcrumb":{"@id":"https:\/\/aaep.org.ar\/?p=5710#breadcrumb"},"inLanguage":"es","potentialAction":[{"@type":"ReadAction","target":["https:\/\/aaep.org.ar\/?p=5710"]}]},{"@type":"BreadcrumbList","@id":"https:\/\/aaep.org.ar\/?p=5710#breadcrumb","itemListElement":[{"@type":"ListItem","position":1,"name":"Portada","item":"https:\/\/aaep.org.ar\/"},{"@type":"ListItem","position":2,"name":"Programa Mais M\u00e9dicos y capital humano en Argentina: \u00bfFuga de cerebros en el sector salud?"}]},{"@type":"WebSite","@id":"https:\/\/aaep.org.ar\/#website","url":"https:\/\/aaep.org.ar\/","name":"Asociaci\u00f3n Argentina de Econom\u00eda Pol\u00edtica","description":"Asociaci\u00f3n Argentina de Econom\u00eda Pol\u00edtica","publisher":{"@id":"https:\/\/aaep.org.ar\/#organization"},"potentialAction":[{"@type":"SearchAction","target":{"@type":"EntryPoint","urlTemplate":"https:\/\/aaep.org.ar\/?s={search_term_string}"},"query-input":{"@type":"PropertyValueSpecification","valueRequired":true,"valueName":"search_term_string"}}],"inLanguage":"es"},{"@type":"Organization","@id":"https:\/\/aaep.org.ar\/#organization","name":"Asociaci\u00f3n Argentina de Econom\u00eda Pol\u00edtica","url":"https:\/\/aaep.org.ar\/","logo":{"@type":"ImageObject","inLanguage":"es","@id":"https:\/\/aaep.org.ar\/#\/schema\/logo\/image\/","url":"https:\/\/aaep.org.ar\/wp-content\/uploads\/2022\/05\/cropped-aaep_logo.png","contentUrl":"https:\/\/aaep.org.ar\/wp-content\/uploads\/2022\/05\/cropped-aaep_logo.png","width":74,"height":49,"caption":"Asociaci\u00f3n Argentina de Econom\u00eda Pol\u00edtica"},"image":{"@id":"https:\/\/aaep.org.ar\/#\/schema\/logo\/image\/"},"sameAs":["https:\/\/x.com\/aaepoficial","https:\/\/www.instagram.com\/aaepoficial\/"]},{"@type":"Person","@id":"https:\/\/aaep.org.ar\/#\/schema\/person\/7150b747ba20875259c74b2cd177316c","name":"aaepolitica","image":{"@type":"ImageObject","inLanguage":"es","@id":"https:\/\/secure.gravatar.com\/avatar\/b4c835a24b26f7310194c9c19eee26567492d7a70e27fc0adad2d6b1983478c9?s=96&d=mm&r=g","url":"https:\/\/secure.gravatar.com\/avatar\/b4c835a24b26f7310194c9c19eee26567492d7a70e27fc0adad2d6b1983478c9?s=96&d=mm&r=g","contentUrl":"https:\/\/secure.gravatar.com\/avatar\/b4c835a24b26f7310194c9c19eee26567492d7a70e27fc0adad2d6b1983478c9?s=96&d=mm&r=g","caption":"aaepolitica"},"sameAs":["https:\/\/aaep.org.ar"]}]}},"_links":{"self":[{"href":"https:\/\/aaep.org.ar\/index.php?rest_route=\/wp\/v2\/posts\/5710","targetHints":{"allow":["GET"]}}],"collection":[{"href":"https:\/\/aaep.org.ar\/index.php?rest_route=\/wp\/v2\/posts"}],"about":[{"href":"https:\/\/aaep.org.ar\/index.php?rest_route=\/wp\/v2\/types\/post"}],"author":[{"embeddable":true,"href":"https:\/\/aaep.org.ar\/index.php?rest_route=\/wp\/v2\/users\/1"}],"replies":[{"embeddable":true,"href":"https:\/\/aaep.org.ar\/index.php?rest_route=%2Fwp%2Fv2%2Fcomments&post=5710"}],"version-history":[{"count":2,"href":"https:\/\/aaep.org.ar\/index.php?rest_route=\/wp\/v2\/posts\/5710\/revisions"}],"predecessor-version":[{"id":5712,"href":"https:\/\/aaep.org.ar\/index.php?rest_route=\/wp\/v2\/posts\/5710\/revisions\/5712"}],"wp:attachment":[{"href":"https:\/\/aaep.org.ar\/index.php?rest_route=%2Fwp%2Fv2%2Fmedia&parent=5710"}],"wp:term":[{"taxonomy":"category","embeddable":true,"href":"https:\/\/aaep.org.ar\/index.php?rest_route=%2Fwp%2Fv2%2Fcategories&post=5710"},{"taxonomy":"post_tag","embeddable":true,"href":"https:\/\/aaep.org.ar\/index.php?rest_route=%2Fwp%2Fv2%2Ftags&post=5710"}],"curies":[{"name":"wp","href":"https:\/\/api.w.org\/{rel}","templated":true}]}}