{"id":5794,"date":"2023-03-03T13:53:29","date_gmt":"2023-03-03T13:53:29","guid":{"rendered":"https:\/\/aaep.org.ar\/?p=5794"},"modified":"2023-03-03T13:53:32","modified_gmt":"2023-03-03T13:53:32","slug":"subjetividad-y-causalidad-en-los-fenomenos-economicos-dinamicos","status":"publish","type":"post","link":"https:\/\/aaep.org.ar\/?p=5794","title":{"rendered":"Subjetividad y causalidad en los fen\u00f3menos econ\u00f3micos din\u00e1micos"},"content":{"rendered":"<iframe loading=\"lazy\" class=\"wonderplugin-pdf-iframe\" src=\"https:\/\/aaep.org.ar\/wp-content\/plugins\/wonderplugin-pdf-embed\/pdfjslight\/web\/viewer.html?v=2&file=https:\/\/aaep.org.ar\/works\/works2022\/4568.pdf\" width=\"100%\" height=\"600px\" style=\"border:0;\"><\/iframe>\n","protected":false},"excerpt":{"rendered":"<p>Dadas las caracter\u00edsticas de biconceptualidad de las probabilidades relacionadas con las hip\u00f3tesis acerca de las caracter\u00edsticas causales inherentes a los sistemas econ\u00f3micos din\u00e1micos, a partir de una teor\u00eda epist\u00e9mica de la causalidad consistente en la sustituci\u00f3n del condicionamiento Bayesiano cl\u00e1sico por el principio de entrop\u00eda m\u00e1xima que conduce a una versi\u00f3n del \u201cprincipio principal\u201d caracterizada por un Bayesianismo convexo, se demuestra la vinculaci\u00f3n de la probabilidad anal\u00edtica, condicionada por una estructura causal inherente a una concepci\u00f3n de pol\u00edtica econ\u00f3mica adoptada como punto de partida y el \u00e1mbito emp\u00edrico proporcionado por los m\u00e9todos estad\u00edsticos inherentes a la naturaleza de la chance. Asimismo, seg\u00fan la teor\u00eda epist\u00e9mica de la causalidad y basada en su funci\u00f3n de creencia \u201cimprecisa\u201d de acuerdo con el criterio de calibraci\u00f3n de la chance, se demuestra la naturaleza subjetiva de las relaciones de causalidad que condicionan el comportamiento de un sistema econ\u00f3mico din\u00e1mico.<\/p>\n","protected":false},"author":1,"featured_media":0,"comment_status":"closed","ping_status":"open","sticky":false,"template":"","format":"standard","meta":{"_acf_changed":false,"_coblocks_attr":"","_coblocks_dimensions":"","_coblocks_responsive_height":"","_coblocks_accordion_ie_support":"","footnotes":""},"categories":[29],"tags":[30],"class_list":["post-5794","post","type-post","status-publish","format-standard","hentry","category-anales","tag-aaep-anales-2022"],"acf":[],"yoast_head":"<!-- This site is optimized with the Yoast SEO plugin v27.5 - https:\/\/yoast.com\/product\/yoast-seo-wordpress\/ -->\n<title>Subjetividad y causalidad en los fen\u00f3menos econ\u00f3micos din\u00e1micos - Asociaci\u00f3n Argentina de Econom\u00eda Pol\u00edtica<\/title>\n<meta name=\"robots\" content=\"noindex, follow\" \/>\n<meta property=\"og:locale\" content=\"es_ES\" \/>\n<meta property=\"og:type\" content=\"article\" \/>\n<meta property=\"og:title\" content=\"Subjetividad y causalidad en los fen\u00f3menos econ\u00f3micos din\u00e1micos - Asociaci\u00f3n Argentina de Econom\u00eda Pol\u00edtica\" \/>\n<meta property=\"og:description\" content=\"Dadas las caracter\u00edsticas de biconceptualidad de las probabilidades relacionadas con las hip\u00f3tesis acerca de las caracter\u00edsticas causales inherentes a los sistemas econ\u00f3micos din\u00e1micos, a partir de una teor\u00eda epist\u00e9mica de la causalidad consistente en la sustituci\u00f3n del condicionamiento Bayesiano cl\u00e1sico por el principio de entrop\u00eda m\u00e1xima que conduce a una versi\u00f3n del \u201cprincipio principal\u201d caracterizada por un Bayesianismo convexo, se demuestra la vinculaci\u00f3n de la probabilidad anal\u00edtica, condicionada por una estructura causal inherente a una concepci\u00f3n de pol\u00edtica econ\u00f3mica adoptada como punto de partida y el \u00e1mbito emp\u00edrico proporcionado por los m\u00e9todos estad\u00edsticos inherentes a la naturaleza de la chance. Asimismo, seg\u00fan la teor\u00eda epist\u00e9mica de la causalidad y basada en su funci\u00f3n de creencia \u201cimprecisa\u201d de acuerdo con el criterio de calibraci\u00f3n de la chance, se demuestra la naturaleza subjetiva de las relaciones de causalidad que condicionan el comportamiento de un sistema econ\u00f3mico din\u00e1mico.\" \/>\n<meta property=\"og:url\" content=\"https:\/\/aaep.org.ar\/?p=5794\" \/>\n<meta property=\"og:site_name\" content=\"Asociaci\u00f3n Argentina de Econom\u00eda Pol\u00edtica\" \/>\n<meta property=\"article:published_time\" content=\"2023-03-03T13:53:29+00:00\" \/>\n<meta property=\"article:modified_time\" content=\"2023-03-03T13:53:32+00:00\" \/>\n<meta name=\"author\" content=\"aaepolitica\" \/>\n<meta name=\"twitter:card\" content=\"summary_large_image\" \/>\n<meta name=\"twitter:creator\" content=\"@aaepoficial\" \/>\n<meta name=\"twitter:site\" content=\"@aaepoficial\" \/>\n<meta name=\"twitter:label1\" content=\"Escrito por\" \/>\n\t<meta name=\"twitter:data1\" content=\"aaepolitica\" \/>\n<script type=\"application\/ld+json\" class=\"yoast-schema-graph\">{\"@context\":\"https:\\\/\\\/schema.org\",\"@graph\":[{\"@type\":\"Article\",\"@id\":\"https:\\\/\\\/aaep.org.ar\\\/?p=5794#article\",\"isPartOf\":{\"@id\":\"https:\\\/\\\/aaep.org.ar\\\/?p=5794\"},\"author\":{\"name\":\"aaepolitica\",\"@id\":\"https:\\\/\\\/aaep.org.ar\\\/#\\\/schema\\\/person\\\/7150b747ba20875259c74b2cd177316c\"},\"headline\":\"Subjetividad y causalidad en los fen\u00f3menos econ\u00f3micos din\u00e1micos\",\"datePublished\":\"2023-03-03T13:53:29+00:00\",\"dateModified\":\"2023-03-03T13:53:32+00:00\",\"mainEntityOfPage\":{\"@id\":\"https:\\\/\\\/aaep.org.ar\\\/?p=5794\"},\"wordCount\":26,\"publisher\":{\"@id\":\"https:\\\/\\\/aaep.org.ar\\\/#organization\"},\"keywords\":[\"AAEP Anales 2022\"],\"articleSection\":[\"Anales\"],\"inLanguage\":\"es\"},{\"@type\":\"WebPage\",\"@id\":\"https:\\\/\\\/aaep.org.ar\\\/?p=5794\",\"url\":\"https:\\\/\\\/aaep.org.ar\\\/?p=5794\",\"name\":\"Subjetividad y causalidad en los fen\u00f3menos econ\u00f3micos din\u00e1micos - Asociaci\u00f3n Argentina de Econom\u00eda Pol\u00edtica\",\"isPartOf\":{\"@id\":\"https:\\\/\\\/aaep.org.ar\\\/#website\"},\"datePublished\":\"2023-03-03T13:53:29+00:00\",\"dateModified\":\"2023-03-03T13:53:32+00:00\",\"breadcrumb\":{\"@id\":\"https:\\\/\\\/aaep.org.ar\\\/?p=5794#breadcrumb\"},\"inLanguage\":\"es\",\"potentialAction\":[{\"@type\":\"ReadAction\",\"target\":[\"https:\\\/\\\/aaep.org.ar\\\/?p=5794\"]}]},{\"@type\":\"BreadcrumbList\",\"@id\":\"https:\\\/\\\/aaep.org.ar\\\/?p=5794#breadcrumb\",\"itemListElement\":[{\"@type\":\"ListItem\",\"position\":1,\"name\":\"Portada\",\"item\":\"https:\\\/\\\/aaep.org.ar\\\/\"},{\"@type\":\"ListItem\",\"position\":2,\"name\":\"Subjetividad y causalidad en los fen\u00f3menos econ\u00f3micos din\u00e1micos\"}]},{\"@type\":\"WebSite\",\"@id\":\"https:\\\/\\\/aaep.org.ar\\\/#website\",\"url\":\"https:\\\/\\\/aaep.org.ar\\\/\",\"name\":\"Asociaci\u00f3n Argentina de Econom\u00eda Pol\u00edtica\",\"description\":\"Asociaci\u00f3n Argentina de Econom\u00eda Pol\u00edtica\",\"publisher\":{\"@id\":\"https:\\\/\\\/aaep.org.ar\\\/#organization\"},\"potentialAction\":[{\"@type\":\"SearchAction\",\"target\":{\"@type\":\"EntryPoint\",\"urlTemplate\":\"https:\\\/\\\/aaep.org.ar\\\/?s={search_term_string}\"},\"query-input\":{\"@type\":\"PropertyValueSpecification\",\"valueRequired\":true,\"valueName\":\"search_term_string\"}}],\"inLanguage\":\"es\"},{\"@type\":\"Organization\",\"@id\":\"https:\\\/\\\/aaep.org.ar\\\/#organization\",\"name\":\"Asociaci\u00f3n Argentina de Econom\u00eda Pol\u00edtica\",\"url\":\"https:\\\/\\\/aaep.org.ar\\\/\",\"logo\":{\"@type\":\"ImageObject\",\"inLanguage\":\"es\",\"@id\":\"https:\\\/\\\/aaep.org.ar\\\/#\\\/schema\\\/logo\\\/image\\\/\",\"url\":\"https:\\\/\\\/aaep.org.ar\\\/wp-content\\\/uploads\\\/2022\\\/05\\\/cropped-aaep_logo.png\",\"contentUrl\":\"https:\\\/\\\/aaep.org.ar\\\/wp-content\\\/uploads\\\/2022\\\/05\\\/cropped-aaep_logo.png\",\"width\":74,\"height\":49,\"caption\":\"Asociaci\u00f3n Argentina de Econom\u00eda Pol\u00edtica\"},\"image\":{\"@id\":\"https:\\\/\\\/aaep.org.ar\\\/#\\\/schema\\\/logo\\\/image\\\/\"},\"sameAs\":[\"https:\\\/\\\/x.com\\\/aaepoficial\",\"https:\\\/\\\/www.instagram.com\\\/aaepoficial\\\/\"]},{\"@type\":\"Person\",\"@id\":\"https:\\\/\\\/aaep.org.ar\\\/#\\\/schema\\\/person\\\/7150b747ba20875259c74b2cd177316c\",\"name\":\"aaepolitica\",\"image\":{\"@type\":\"ImageObject\",\"inLanguage\":\"es\",\"@id\":\"https:\\\/\\\/secure.gravatar.com\\\/avatar\\\/b4c835a24b26f7310194c9c19eee26567492d7a70e27fc0adad2d6b1983478c9?s=96&d=mm&r=g\",\"url\":\"https:\\\/\\\/secure.gravatar.com\\\/avatar\\\/b4c835a24b26f7310194c9c19eee26567492d7a70e27fc0adad2d6b1983478c9?s=96&d=mm&r=g\",\"contentUrl\":\"https:\\\/\\\/secure.gravatar.com\\\/avatar\\\/b4c835a24b26f7310194c9c19eee26567492d7a70e27fc0adad2d6b1983478c9?s=96&d=mm&r=g\",\"caption\":\"aaepolitica\"},\"sameAs\":[\"https:\\\/\\\/aaep.org.ar\"]}]}<\/script>\n<!-- \/ Yoast SEO plugin. -->","yoast_head_json":{"title":"Subjetividad y causalidad en los fen\u00f3menos econ\u00f3micos din\u00e1micos - Asociaci\u00f3n Argentina de Econom\u00eda Pol\u00edtica","robots":{"index":"noindex","follow":"follow"},"og_locale":"es_ES","og_type":"article","og_title":"Subjetividad y causalidad en los fen\u00f3menos econ\u00f3micos din\u00e1micos - Asociaci\u00f3n Argentina de Econom\u00eda Pol\u00edtica","og_description":"Dadas las caracter\u00edsticas de biconceptualidad de las probabilidades relacionadas con las hip\u00f3tesis acerca de las caracter\u00edsticas causales inherentes a los sistemas econ\u00f3micos din\u00e1micos, a partir de una teor\u00eda epist\u00e9mica de la causalidad consistente en la sustituci\u00f3n del condicionamiento Bayesiano cl\u00e1sico por el principio de entrop\u00eda m\u00e1xima que conduce a una versi\u00f3n del \u201cprincipio principal\u201d caracterizada por un Bayesianismo convexo, se demuestra la vinculaci\u00f3n de la probabilidad anal\u00edtica, condicionada por una estructura causal inherente a una concepci\u00f3n de pol\u00edtica econ\u00f3mica adoptada como punto de partida y el \u00e1mbito emp\u00edrico proporcionado por los m\u00e9todos estad\u00edsticos inherentes a la naturaleza de la chance. Asimismo, seg\u00fan la teor\u00eda epist\u00e9mica de la causalidad y basada en su funci\u00f3n de creencia \u201cimprecisa\u201d de acuerdo con el criterio de calibraci\u00f3n de la chance, se demuestra la naturaleza subjetiva de las relaciones de causalidad que condicionan el comportamiento de un sistema econ\u00f3mico din\u00e1mico.","og_url":"https:\/\/aaep.org.ar\/?p=5794","og_site_name":"Asociaci\u00f3n Argentina de Econom\u00eda Pol\u00edtica","article_published_time":"2023-03-03T13:53:29+00:00","article_modified_time":"2023-03-03T13:53:32+00:00","author":"aaepolitica","twitter_card":"summary_large_image","twitter_creator":"@aaepoficial","twitter_site":"@aaepoficial","twitter_misc":{"Escrito por":"aaepolitica"},"schema":{"@context":"https:\/\/schema.org","@graph":[{"@type":"Article","@id":"https:\/\/aaep.org.ar\/?p=5794#article","isPartOf":{"@id":"https:\/\/aaep.org.ar\/?p=5794"},"author":{"name":"aaepolitica","@id":"https:\/\/aaep.org.ar\/#\/schema\/person\/7150b747ba20875259c74b2cd177316c"},"headline":"Subjetividad y causalidad en los fen\u00f3menos econ\u00f3micos din\u00e1micos","datePublished":"2023-03-03T13:53:29+00:00","dateModified":"2023-03-03T13:53:32+00:00","mainEntityOfPage":{"@id":"https:\/\/aaep.org.ar\/?p=5794"},"wordCount":26,"publisher":{"@id":"https:\/\/aaep.org.ar\/#organization"},"keywords":["AAEP Anales 2022"],"articleSection":["Anales"],"inLanguage":"es"},{"@type":"WebPage","@id":"https:\/\/aaep.org.ar\/?p=5794","url":"https:\/\/aaep.org.ar\/?p=5794","name":"Subjetividad y causalidad en los fen\u00f3menos econ\u00f3micos din\u00e1micos - Asociaci\u00f3n Argentina de Econom\u00eda Pol\u00edtica","isPartOf":{"@id":"https:\/\/aaep.org.ar\/#website"},"datePublished":"2023-03-03T13:53:29+00:00","dateModified":"2023-03-03T13:53:32+00:00","breadcrumb":{"@id":"https:\/\/aaep.org.ar\/?p=5794#breadcrumb"},"inLanguage":"es","potentialAction":[{"@type":"ReadAction","target":["https:\/\/aaep.org.ar\/?p=5794"]}]},{"@type":"BreadcrumbList","@id":"https:\/\/aaep.org.ar\/?p=5794#breadcrumb","itemListElement":[{"@type":"ListItem","position":1,"name":"Portada","item":"https:\/\/aaep.org.ar\/"},{"@type":"ListItem","position":2,"name":"Subjetividad y causalidad en los fen\u00f3menos econ\u00f3micos din\u00e1micos"}]},{"@type":"WebSite","@id":"https:\/\/aaep.org.ar\/#website","url":"https:\/\/aaep.org.ar\/","name":"Asociaci\u00f3n Argentina de Econom\u00eda Pol\u00edtica","description":"Asociaci\u00f3n Argentina de Econom\u00eda Pol\u00edtica","publisher":{"@id":"https:\/\/aaep.org.ar\/#organization"},"potentialAction":[{"@type":"SearchAction","target":{"@type":"EntryPoint","urlTemplate":"https:\/\/aaep.org.ar\/?s={search_term_string}"},"query-input":{"@type":"PropertyValueSpecification","valueRequired":true,"valueName":"search_term_string"}}],"inLanguage":"es"},{"@type":"Organization","@id":"https:\/\/aaep.org.ar\/#organization","name":"Asociaci\u00f3n Argentina de Econom\u00eda Pol\u00edtica","url":"https:\/\/aaep.org.ar\/","logo":{"@type":"ImageObject","inLanguage":"es","@id":"https:\/\/aaep.org.ar\/#\/schema\/logo\/image\/","url":"https:\/\/aaep.org.ar\/wp-content\/uploads\/2022\/05\/cropped-aaep_logo.png","contentUrl":"https:\/\/aaep.org.ar\/wp-content\/uploads\/2022\/05\/cropped-aaep_logo.png","width":74,"height":49,"caption":"Asociaci\u00f3n Argentina de Econom\u00eda Pol\u00edtica"},"image":{"@id":"https:\/\/aaep.org.ar\/#\/schema\/logo\/image\/"},"sameAs":["https:\/\/x.com\/aaepoficial","https:\/\/www.instagram.com\/aaepoficial\/"]},{"@type":"Person","@id":"https:\/\/aaep.org.ar\/#\/schema\/person\/7150b747ba20875259c74b2cd177316c","name":"aaepolitica","image":{"@type":"ImageObject","inLanguage":"es","@id":"https:\/\/secure.gravatar.com\/avatar\/b4c835a24b26f7310194c9c19eee26567492d7a70e27fc0adad2d6b1983478c9?s=96&d=mm&r=g","url":"https:\/\/secure.gravatar.com\/avatar\/b4c835a24b26f7310194c9c19eee26567492d7a70e27fc0adad2d6b1983478c9?s=96&d=mm&r=g","contentUrl":"https:\/\/secure.gravatar.com\/avatar\/b4c835a24b26f7310194c9c19eee26567492d7a70e27fc0adad2d6b1983478c9?s=96&d=mm&r=g","caption":"aaepolitica"},"sameAs":["https:\/\/aaep.org.ar"]}]}},"_links":{"self":[{"href":"https:\/\/aaep.org.ar\/index.php?rest_route=\/wp\/v2\/posts\/5794","targetHints":{"allow":["GET"]}}],"collection":[{"href":"https:\/\/aaep.org.ar\/index.php?rest_route=\/wp\/v2\/posts"}],"about":[{"href":"https:\/\/aaep.org.ar\/index.php?rest_route=\/wp\/v2\/types\/post"}],"author":[{"embeddable":true,"href":"https:\/\/aaep.org.ar\/index.php?rest_route=\/wp\/v2\/users\/1"}],"replies":[{"embeddable":true,"href":"https:\/\/aaep.org.ar\/index.php?rest_route=%2Fwp%2Fv2%2Fcomments&post=5794"}],"version-history":[{"count":2,"href":"https:\/\/aaep.org.ar\/index.php?rest_route=\/wp\/v2\/posts\/5794\/revisions"}],"predecessor-version":[{"id":5796,"href":"https:\/\/aaep.org.ar\/index.php?rest_route=\/wp\/v2\/posts\/5794\/revisions\/5796"}],"wp:attachment":[{"href":"https:\/\/aaep.org.ar\/index.php?rest_route=%2Fwp%2Fv2%2Fmedia&parent=5794"}],"wp:term":[{"taxonomy":"category","embeddable":true,"href":"https:\/\/aaep.org.ar\/index.php?rest_route=%2Fwp%2Fv2%2Fcategories&post=5794"},{"taxonomy":"post_tag","embeddable":true,"href":"https:\/\/aaep.org.ar\/index.php?rest_route=%2Fwp%2Fv2%2Ftags&post=5794"}],"curies":[{"name":"wp","href":"https:\/\/api.w.org\/{rel}","templated":true}]}}