{"id":5896,"date":"2023-03-03T14:56:38","date_gmt":"2023-03-03T14:56:38","guid":{"rendered":"https:\/\/aaep.org.ar\/?p=5896"},"modified":"2023-03-03T14:56:40","modified_gmt":"2023-03-03T14:56:40","slug":"los-determinantes-de-las-reservas-internacionales-en-argentina-en-las-ultimas-tres-decadas","status":"publish","type":"post","link":"https:\/\/aaep.org.ar\/?p=5896","title":{"rendered":"Los determinantes de las reservas internacionales en Argentina en las \u00faltimas tres d\u00e9cadas."},"content":{"rendered":"<iframe loading=\"lazy\" class=\"wonderplugin-pdf-iframe\" src=\"https:\/\/aaep.org.ar\/wp-content\/plugins\/wonderplugin-pdf-embed\/pdfjslight\/web\/viewer.html?v=2&file=https:\/\/aaep.org.ar\/works\/works2022\/4597.pdf\" width=\"100%\" height=\"600px\" style=\"border:0;\"><\/iframe>\n","protected":false},"excerpt":{"rendered":"<p>La recurrencia de las crisis sist\u00e9micas y la integraci\u00f3n de las econom\u00edas emergentes a trav\u00e9s del proceso de globalizaci\u00f3n llevan a indagar sobre la liquidez y la capacidad de pago de las econom\u00edas e inexorablemente esto lleva a estudiar  las reservas internacionales. El objetivo de este trabajo es contrastar cu\u00e1les son los factores que repercuten sobre el nivel de las reservas internacionales en Argentina , seg\u00fan esta opere bajo un r\u00e9gimen cambiario u otro  incorporando  al modelo la variable control de cambios. Para ello se estudia el comportamiento de las mismas desde el a\u00f1o 1993 hasta 2021 y se observan las desviaciones de los llamados \u201cniveles \u00f3ptimos o deseables\u201d que propone la literatura. Los resultados indican que el nivel de actividad econ\u00f3mica es una variable determinante para el nivel de las reservas, tanto econ\u00f3mica como estad\u00edsticamente, indicando que esta ultimas suben cuando aumenta el nivel de actividad de la econom\u00eda. Asimismo, la introducci\u00f3n del control de cambios es una variable tambi\u00e9n determinante del nivel de reservas internacionales.<\/p>\n","protected":false},"author":1,"featured_media":0,"comment_status":"closed","ping_status":"open","sticky":false,"template":"","format":"standard","meta":{"_acf_changed":false,"_coblocks_attr":"","_coblocks_dimensions":"","_coblocks_responsive_height":"","_coblocks_accordion_ie_support":"","footnotes":""},"categories":[29],"tags":[30],"class_list":["post-5896","post","type-post","status-publish","format-standard","hentry","category-anales","tag-aaep-anales-2022"],"acf":[],"yoast_head":"<!-- This site is optimized with the Yoast SEO plugin v28.3 - https:\/\/yoast.com\/product\/yoast-seo-wordpress\/ -->\n<title>Los determinantes de las reservas internacionales en Argentina en las \u00faltimas tres d\u00e9cadas. - Asociaci\u00f3n Argentina de Econom\u00eda Pol\u00edtica<\/title>\n<meta name=\"robots\" content=\"noindex, follow\" \/>\n<meta property=\"og:locale\" content=\"es_ES\" \/>\n<meta property=\"og:type\" content=\"article\" \/>\n<meta property=\"og:title\" content=\"Los determinantes de las reservas internacionales en Argentina en las \u00faltimas tres d\u00e9cadas. - Asociaci\u00f3n Argentina de Econom\u00eda Pol\u00edtica\" \/>\n<meta property=\"og:description\" content=\"La recurrencia de las crisis sist\u00e9micas y la integraci\u00f3n de las econom\u00edas emergentes a trav\u00e9s del proceso de globalizaci\u00f3n llevan a indagar sobre la liquidez y la capacidad de pago de las econom\u00edas e inexorablemente esto lleva a estudiar las reservas internacionales. El objetivo de este trabajo es contrastar cu\u00e1les son los factores que repercuten sobre el nivel de las reservas internacionales en Argentina , seg\u00fan esta opere bajo un r\u00e9gimen cambiario u otro incorporando al modelo la variable control de cambios. Para ello se estudia el comportamiento de las mismas desde el a\u00f1o 1993 hasta 2021 y se observan las desviaciones de los llamados \u201cniveles \u00f3ptimos o deseables\u201d que propone la literatura. Los resultados indican que el nivel de actividad econ\u00f3mica es una variable determinante para el nivel de las reservas, tanto econ\u00f3mica como estad\u00edsticamente, indicando que esta ultimas suben cuando aumenta el nivel de actividad de la econom\u00eda. Asimismo, la introducci\u00f3n del control de cambios es una variable tambi\u00e9n determinante del nivel de reservas internacionales.\" \/>\n<meta property=\"og:url\" content=\"https:\/\/aaep.org.ar\/?p=5896\" \/>\n<meta property=\"og:site_name\" content=\"Asociaci\u00f3n Argentina de Econom\u00eda Pol\u00edtica\" \/>\n<meta property=\"article:published_time\" content=\"2023-03-03T14:56:38+00:00\" \/>\n<meta property=\"article:modified_time\" content=\"2023-03-03T14:56:40+00:00\" \/>\n<meta name=\"author\" content=\"aaepolitica\" \/>\n<meta name=\"twitter:card\" content=\"summary_large_image\" \/>\n<meta name=\"twitter:creator\" content=\"@aaepoficial\" \/>\n<meta name=\"twitter:site\" content=\"@aaepoficial\" \/>\n<meta name=\"twitter:label1\" content=\"Escrito por\" \/>\n\t<meta name=\"twitter:data1\" content=\"aaepolitica\" \/>\n<script type=\"application\/ld+json\" class=\"yoast-schema-graph\">{\"@context\":\"https:\\\/\\\/schema.org\",\"@graph\":[{\"@type\":\"Article\",\"@id\":\"https:\\\/\\\/aaep.org.ar\\\/?p=5896#article\",\"isPartOf\":{\"@id\":\"https:\\\/\\\/aaep.org.ar\\\/?p=5896\"},\"author\":{\"name\":\"aaepolitica\",\"@id\":\"https:\\\/\\\/aaep.org.ar\\\/#\\\/schema\\\/person\\\/7150b747ba20875259c74b2cd177316c\"},\"headline\":\"Los determinantes de las reservas internacionales en Argentina en las \u00faltimas tres d\u00e9cadas.\",\"datePublished\":\"2023-03-03T14:56:38+00:00\",\"dateModified\":\"2023-03-03T14:56:40+00:00\",\"mainEntityOfPage\":{\"@id\":\"https:\\\/\\\/aaep.org.ar\\\/?p=5896\"},\"wordCount\":29,\"publisher\":{\"@id\":\"https:\\\/\\\/aaep.org.ar\\\/#organization\"},\"keywords\":[\"AAEP Anales 2022\"],\"articleSection\":[\"Anales\"],\"inLanguage\":\"es\"},{\"@type\":\"WebPage\",\"@id\":\"https:\\\/\\\/aaep.org.ar\\\/?p=5896\",\"url\":\"https:\\\/\\\/aaep.org.ar\\\/?p=5896\",\"name\":\"Los determinantes de las reservas internacionales en Argentina en las \u00faltimas tres d\u00e9cadas. - Asociaci\u00f3n Argentina de Econom\u00eda Pol\u00edtica\",\"isPartOf\":{\"@id\":\"https:\\\/\\\/aaep.org.ar\\\/#website\"},\"datePublished\":\"2023-03-03T14:56:38+00:00\",\"dateModified\":\"2023-03-03T14:56:40+00:00\",\"breadcrumb\":{\"@id\":\"https:\\\/\\\/aaep.org.ar\\\/?p=5896#breadcrumb\"},\"inLanguage\":\"es\",\"potentialAction\":[{\"@type\":\"ReadAction\",\"target\":[\"https:\\\/\\\/aaep.org.ar\\\/?p=5896\"]}]},{\"@type\":\"BreadcrumbList\",\"@id\":\"https:\\\/\\\/aaep.org.ar\\\/?p=5896#breadcrumb\",\"itemListElement\":[{\"@type\":\"ListItem\",\"position\":1,\"name\":\"Portada\",\"item\":\"https:\\\/\\\/aaep.org.ar\\\/\"},{\"@type\":\"ListItem\",\"position\":2,\"name\":\"Los determinantes de las reservas internacionales en Argentina en las \u00faltimas tres d\u00e9cadas.\"}]},{\"@type\":\"WebSite\",\"@id\":\"https:\\\/\\\/aaep.org.ar\\\/#website\",\"url\":\"https:\\\/\\\/aaep.org.ar\\\/\",\"name\":\"Asociaci\u00f3n Argentina de Econom\u00eda Pol\u00edtica\",\"description\":\"Asociaci\u00f3n Argentina de Econom\u00eda Pol\u00edtica\",\"publisher\":{\"@id\":\"https:\\\/\\\/aaep.org.ar\\\/#organization\"},\"potentialAction\":[{\"@type\":\"SearchAction\",\"target\":{\"@type\":\"EntryPoint\",\"urlTemplate\":\"https:\\\/\\\/aaep.org.ar\\\/?s={search_term_string}\"},\"query-input\":{\"@type\":\"PropertyValueSpecification\",\"valueRequired\":true,\"valueName\":\"search_term_string\"}}],\"inLanguage\":\"es\"},{\"@type\":\"Organization\",\"@id\":\"https:\\\/\\\/aaep.org.ar\\\/#organization\",\"name\":\"Asociaci\u00f3n Argentina de Econom\u00eda Pol\u00edtica\",\"url\":\"https:\\\/\\\/aaep.org.ar\\\/\",\"logo\":{\"@type\":\"ImageObject\",\"inLanguage\":\"es\",\"@id\":\"https:\\\/\\\/aaep.org.ar\\\/#\\\/schema\\\/logo\\\/image\\\/\",\"url\":\"https:\\\/\\\/aaep.org.ar\\\/wp-content\\\/uploads\\\/2022\\\/05\\\/cropped-aaep_logo.png\",\"contentUrl\":\"https:\\\/\\\/aaep.org.ar\\\/wp-content\\\/uploads\\\/2022\\\/05\\\/cropped-aaep_logo.png\",\"width\":74,\"height\":49,\"caption\":\"Asociaci\u00f3n Argentina de Econom\u00eda Pol\u00edtica\"},\"image\":{\"@id\":\"https:\\\/\\\/aaep.org.ar\\\/#\\\/schema\\\/logo\\\/image\\\/\"},\"sameAs\":[\"https:\\\/\\\/x.com\\\/aaepoficial\",\"https:\\\/\\\/www.instagram.com\\\/aaepoficial\\\/\"]},{\"@type\":\"Person\",\"@id\":\"https:\\\/\\\/aaep.org.ar\\\/#\\\/schema\\\/person\\\/7150b747ba20875259c74b2cd177316c\",\"name\":\"aaepolitica\",\"image\":{\"@type\":\"ImageObject\",\"inLanguage\":\"es\",\"@id\":\"https:\\\/\\\/secure.gravatar.com\\\/avatar\\\/b4c835a24b26f7310194c9c19eee26567492d7a70e27fc0adad2d6b1983478c9?s=96&d=mm&r=g\",\"url\":\"https:\\\/\\\/secure.gravatar.com\\\/avatar\\\/b4c835a24b26f7310194c9c19eee26567492d7a70e27fc0adad2d6b1983478c9?s=96&d=mm&r=g\",\"contentUrl\":\"https:\\\/\\\/secure.gravatar.com\\\/avatar\\\/b4c835a24b26f7310194c9c19eee26567492d7a70e27fc0adad2d6b1983478c9?s=96&d=mm&r=g\",\"caption\":\"aaepolitica\"},\"sameAs\":[\"https:\\\/\\\/aaep.org.ar\"]}]}<\/script>\n<!-- \/ Yoast SEO plugin. -->","yoast_head_json":{"title":"Los determinantes de las reservas internacionales en Argentina en las \u00faltimas tres d\u00e9cadas. - Asociaci\u00f3n Argentina de Econom\u00eda Pol\u00edtica","robots":{"index":"noindex","follow":"follow"},"og_locale":"es_ES","og_type":"article","og_title":"Los determinantes de las reservas internacionales en Argentina en las \u00faltimas tres d\u00e9cadas. - Asociaci\u00f3n Argentina de Econom\u00eda Pol\u00edtica","og_description":"La recurrencia de las crisis sist\u00e9micas y la integraci\u00f3n de las econom\u00edas emergentes a trav\u00e9s del proceso de globalizaci\u00f3n llevan a indagar sobre la liquidez y la capacidad de pago de las econom\u00edas e inexorablemente esto lleva a estudiar las reservas internacionales. El objetivo de este trabajo es contrastar cu\u00e1les son los factores que repercuten sobre el nivel de las reservas internacionales en Argentina , seg\u00fan esta opere bajo un r\u00e9gimen cambiario u otro incorporando al modelo la variable control de cambios. Para ello se estudia el comportamiento de las mismas desde el a\u00f1o 1993 hasta 2021 y se observan las desviaciones de los llamados \u201cniveles \u00f3ptimos o deseables\u201d que propone la literatura. Los resultados indican que el nivel de actividad econ\u00f3mica es una variable determinante para el nivel de las reservas, tanto econ\u00f3mica como estad\u00edsticamente, indicando que esta ultimas suben cuando aumenta el nivel de actividad de la econom\u00eda. Asimismo, la introducci\u00f3n del control de cambios es una variable tambi\u00e9n determinante del nivel de reservas internacionales.","og_url":"https:\/\/aaep.org.ar\/?p=5896","og_site_name":"Asociaci\u00f3n Argentina de Econom\u00eda Pol\u00edtica","article_published_time":"2023-03-03T14:56:38+00:00","article_modified_time":"2023-03-03T14:56:40+00:00","author":"aaepolitica","twitter_card":"summary_large_image","twitter_creator":"@aaepoficial","twitter_site":"@aaepoficial","twitter_misc":{"Escrito por":"aaepolitica"},"schema":{"@context":"https:\/\/schema.org","@graph":[{"@type":"Article","@id":"https:\/\/aaep.org.ar\/?p=5896#article","isPartOf":{"@id":"https:\/\/aaep.org.ar\/?p=5896"},"author":{"name":"aaepolitica","@id":"https:\/\/aaep.org.ar\/#\/schema\/person\/7150b747ba20875259c74b2cd177316c"},"headline":"Los determinantes de las reservas internacionales en Argentina en las \u00faltimas tres d\u00e9cadas.","datePublished":"2023-03-03T14:56:38+00:00","dateModified":"2023-03-03T14:56:40+00:00","mainEntityOfPage":{"@id":"https:\/\/aaep.org.ar\/?p=5896"},"wordCount":29,"publisher":{"@id":"https:\/\/aaep.org.ar\/#organization"},"keywords":["AAEP Anales 2022"],"articleSection":["Anales"],"inLanguage":"es"},{"@type":"WebPage","@id":"https:\/\/aaep.org.ar\/?p=5896","url":"https:\/\/aaep.org.ar\/?p=5896","name":"Los determinantes de las reservas internacionales en Argentina en las \u00faltimas tres d\u00e9cadas. - Asociaci\u00f3n Argentina de Econom\u00eda Pol\u00edtica","isPartOf":{"@id":"https:\/\/aaep.org.ar\/#website"},"datePublished":"2023-03-03T14:56:38+00:00","dateModified":"2023-03-03T14:56:40+00:00","breadcrumb":{"@id":"https:\/\/aaep.org.ar\/?p=5896#breadcrumb"},"inLanguage":"es","potentialAction":[{"@type":"ReadAction","target":["https:\/\/aaep.org.ar\/?p=5896"]}]},{"@type":"BreadcrumbList","@id":"https:\/\/aaep.org.ar\/?p=5896#breadcrumb","itemListElement":[{"@type":"ListItem","position":1,"name":"Portada","item":"https:\/\/aaep.org.ar\/"},{"@type":"ListItem","position":2,"name":"Los determinantes de las reservas internacionales en Argentina en las \u00faltimas tres d\u00e9cadas."}]},{"@type":"WebSite","@id":"https:\/\/aaep.org.ar\/#website","url":"https:\/\/aaep.org.ar\/","name":"Asociaci\u00f3n Argentina de Econom\u00eda Pol\u00edtica","description":"Asociaci\u00f3n Argentina de Econom\u00eda Pol\u00edtica","publisher":{"@id":"https:\/\/aaep.org.ar\/#organization"},"potentialAction":[{"@type":"SearchAction","target":{"@type":"EntryPoint","urlTemplate":"https:\/\/aaep.org.ar\/?s={search_term_string}"},"query-input":{"@type":"PropertyValueSpecification","valueRequired":true,"valueName":"search_term_string"}}],"inLanguage":"es"},{"@type":"Organization","@id":"https:\/\/aaep.org.ar\/#organization","name":"Asociaci\u00f3n Argentina de Econom\u00eda Pol\u00edtica","url":"https:\/\/aaep.org.ar\/","logo":{"@type":"ImageObject","inLanguage":"es","@id":"https:\/\/aaep.org.ar\/#\/schema\/logo\/image\/","url":"https:\/\/aaep.org.ar\/wp-content\/uploads\/2022\/05\/cropped-aaep_logo.png","contentUrl":"https:\/\/aaep.org.ar\/wp-content\/uploads\/2022\/05\/cropped-aaep_logo.png","width":74,"height":49,"caption":"Asociaci\u00f3n Argentina de Econom\u00eda Pol\u00edtica"},"image":{"@id":"https:\/\/aaep.org.ar\/#\/schema\/logo\/image\/"},"sameAs":["https:\/\/x.com\/aaepoficial","https:\/\/www.instagram.com\/aaepoficial\/"]},{"@type":"Person","@id":"https:\/\/aaep.org.ar\/#\/schema\/person\/7150b747ba20875259c74b2cd177316c","name":"aaepolitica","image":{"@type":"ImageObject","inLanguage":"es","@id":"https:\/\/secure.gravatar.com\/avatar\/b4c835a24b26f7310194c9c19eee26567492d7a70e27fc0adad2d6b1983478c9?s=96&d=mm&r=g","url":"https:\/\/secure.gravatar.com\/avatar\/b4c835a24b26f7310194c9c19eee26567492d7a70e27fc0adad2d6b1983478c9?s=96&d=mm&r=g","contentUrl":"https:\/\/secure.gravatar.com\/avatar\/b4c835a24b26f7310194c9c19eee26567492d7a70e27fc0adad2d6b1983478c9?s=96&d=mm&r=g","caption":"aaepolitica"},"sameAs":["https:\/\/aaep.org.ar"]}]}},"_links":{"self":[{"href":"https:\/\/aaep.org.ar\/index.php?rest_route=\/wp\/v2\/posts\/5896","targetHints":{"allow":["GET"]}}],"collection":[{"href":"https:\/\/aaep.org.ar\/index.php?rest_route=\/wp\/v2\/posts"}],"about":[{"href":"https:\/\/aaep.org.ar\/index.php?rest_route=\/wp\/v2\/types\/post"}],"author":[{"embeddable":true,"href":"https:\/\/aaep.org.ar\/index.php?rest_route=\/wp\/v2\/users\/1"}],"replies":[{"embeddable":true,"href":"https:\/\/aaep.org.ar\/index.php?rest_route=%2Fwp%2Fv2%2Fcomments&post=5896"}],"version-history":[{"count":2,"href":"https:\/\/aaep.org.ar\/index.php?rest_route=\/wp\/v2\/posts\/5896\/revisions"}],"predecessor-version":[{"id":5898,"href":"https:\/\/aaep.org.ar\/index.php?rest_route=\/wp\/v2\/posts\/5896\/revisions\/5898"}],"wp:attachment":[{"href":"https:\/\/aaep.org.ar\/index.php?rest_route=%2Fwp%2Fv2%2Fmedia&parent=5896"}],"wp:term":[{"taxonomy":"category","embeddable":true,"href":"https:\/\/aaep.org.ar\/index.php?rest_route=%2Fwp%2Fv2%2Fcategories&post=5896"},{"taxonomy":"post_tag","embeddable":true,"href":"https:\/\/aaep.org.ar\/index.php?rest_route=%2Fwp%2Fv2%2Ftags&post=5896"}],"curies":[{"name":"wp","href":"https:\/\/api.w.org\/{rel}","templated":true}]}}