{"id":5899,"date":"2023-03-03T14:57:41","date_gmt":"2023-03-03T14:57:41","guid":{"rendered":"https:\/\/aaep.org.ar\/?p=5899"},"modified":"2023-03-03T14:57:42","modified_gmt":"2023-03-03T14:57:42","slug":"pobreza-multidimensional-post-pandemia-en-una-ciudad-intermedia-el-caso-de-bahia-blanca","status":"publish","type":"post","link":"https:\/\/aaep.org.ar\/?p=5899","title":{"rendered":"Pobreza Multidimensional post-pandemia en una ciudad intermedia: el caso de Bah\u00eda Blanca"},"content":{"rendered":"<iframe loading=\"lazy\" class=\"wonderplugin-pdf-iframe\" src=\"https:\/\/aaep.org.ar\/wp-content\/plugins\/wonderplugin-pdf-embed\/pdfjslight\/web\/viewer.html?v=2&file=https:\/\/aaep.org.ar\/works\/works2022\/4598.pdf\" width=\"100%\" height=\"600px\" style=\"border:0;\"><\/iframe>\n","protected":false},"excerpt":{"rendered":"<p>En un contexto internacional que ha experimentado incrementos significativos de la pobreza y de la inseguridad alimentaria, este trabajo ofrece una suerte de \u2018radiograf\u00eda de la pobreza\u2019 en una ciudad intermedia de gran relevancia para el sur argentino: Bah\u00eda Blanca. Se presentan estimaciones de un \u00cdndice de Pobreza Multidimensional a partir de la Encuesta del Proyecto de Unidad Ejecutora del IIESS, una fuente de datos sin precedentes para la ciudad por su tama\u00f1o muestral y cobertura. Se encuentra que un 28% de la poblaci\u00f3n, lo cual representa a 82.400 personas, habita en hogares en pobreza multidimensional intensa a severa, de los cuales 30.000 son ni\u00f1os, ni\u00f1as y adolescentes de 0 a 17 a\u00f1os de edad. La ciudad exhibe tambi\u00e9n altos niveles de inseguridad alimentaria: un 16% de la poblaci\u00f3n habita en hogares con inseguridad alimentaria moderada a severa, de los cuales 17.000 son menores de edad. Se observa tambi\u00e9n un significativo grado de segregaci\u00f3n socio-espacial entre barrios vulnerables y no-vulnerables, dicotom\u00eda que se intensifica cuando se considera la poblaci\u00f3n de ni\u00f1os, ni\u00f1as y adolescentes. Se requiere de pol\u00edticas sociales interconectadas y que prioricen a los grupos poblacionales en situaci\u00f3n de mayor intensidad de la pobreza multidimensional.<\/p>\n","protected":false},"author":1,"featured_media":0,"comment_status":"closed","ping_status":"open","sticky":false,"template":"","format":"standard","meta":{"_acf_changed":false,"_coblocks_attr":"","_coblocks_dimensions":"","_coblocks_responsive_height":"","_coblocks_accordion_ie_support":"","footnotes":""},"categories":[29],"tags":[30],"class_list":["post-5899","post","type-post","status-publish","format-standard","hentry","category-anales","tag-aaep-anales-2022"],"acf":[],"yoast_head":"<!-- This site is optimized with the Yoast SEO plugin v27.5 - https:\/\/yoast.com\/product\/yoast-seo-wordpress\/ -->\n<title>Pobreza Multidimensional post-pandemia en una ciudad intermedia: el caso de Bah\u00eda Blanca - Asociaci\u00f3n Argentina de Econom\u00eda Pol\u00edtica<\/title>\n<meta name=\"robots\" content=\"noindex, follow\" \/>\n<meta property=\"og:locale\" content=\"es_ES\" \/>\n<meta property=\"og:type\" content=\"article\" \/>\n<meta property=\"og:title\" content=\"Pobreza Multidimensional post-pandemia en una ciudad intermedia: el caso de Bah\u00eda Blanca - Asociaci\u00f3n Argentina de Econom\u00eda Pol\u00edtica\" \/>\n<meta property=\"og:description\" content=\"En un contexto internacional que ha experimentado incrementos significativos de la pobreza y de la inseguridad alimentaria, este trabajo ofrece una suerte de \u2018radiograf\u00eda de la pobreza\u2019 en una ciudad intermedia de gran relevancia para el sur argentino: Bah\u00eda Blanca. Se presentan estimaciones de un \u00cdndice de Pobreza Multidimensional a partir de la Encuesta del Proyecto de Unidad Ejecutora del IIESS, una fuente de datos sin precedentes para la ciudad por su tama\u00f1o muestral y cobertura. Se encuentra que un 28% de la poblaci\u00f3n, lo cual representa a 82.400 personas, habita en hogares en pobreza multidimensional intensa a severa, de los cuales 30.000 son ni\u00f1os, ni\u00f1as y adolescentes de 0 a 17 a\u00f1os de edad. La ciudad exhibe tambi\u00e9n altos niveles de inseguridad alimentaria: un 16% de la poblaci\u00f3n habita en hogares con inseguridad alimentaria moderada a severa, de los cuales 17.000 son menores de edad. Se observa tambi\u00e9n un significativo grado de segregaci\u00f3n socio-espacial entre barrios vulnerables y no-vulnerables, dicotom\u00eda que se intensifica cuando se considera la poblaci\u00f3n de ni\u00f1os, ni\u00f1as y adolescentes. Se requiere de pol\u00edticas sociales interconectadas y que prioricen a los grupos poblacionales en situaci\u00f3n de mayor intensidad de la pobreza multidimensional.\" \/>\n<meta property=\"og:url\" content=\"https:\/\/aaep.org.ar\/?p=5899\" \/>\n<meta property=\"og:site_name\" content=\"Asociaci\u00f3n Argentina de Econom\u00eda Pol\u00edtica\" \/>\n<meta property=\"article:published_time\" content=\"2023-03-03T14:57:41+00:00\" \/>\n<meta property=\"article:modified_time\" content=\"2023-03-03T14:57:42+00:00\" \/>\n<meta name=\"author\" content=\"aaepolitica\" \/>\n<meta name=\"twitter:card\" content=\"summary_large_image\" \/>\n<meta name=\"twitter:creator\" content=\"@aaepoficial\" \/>\n<meta name=\"twitter:site\" content=\"@aaepoficial\" \/>\n<meta name=\"twitter:label1\" content=\"Escrito por\" \/>\n\t<meta name=\"twitter:data1\" content=\"aaepolitica\" \/>\n<script type=\"application\/ld+json\" class=\"yoast-schema-graph\">{\"@context\":\"https:\\\/\\\/schema.org\",\"@graph\":[{\"@type\":\"Article\",\"@id\":\"https:\\\/\\\/aaep.org.ar\\\/?p=5899#article\",\"isPartOf\":{\"@id\":\"https:\\\/\\\/aaep.org.ar\\\/?p=5899\"},\"author\":{\"name\":\"aaepolitica\",\"@id\":\"https:\\\/\\\/aaep.org.ar\\\/#\\\/schema\\\/person\\\/7150b747ba20875259c74b2cd177316c\"},\"headline\":\"Pobreza Multidimensional post-pandemia en una ciudad intermedia: el caso de Bah\u00eda Blanca\",\"datePublished\":\"2023-03-03T14:57:41+00:00\",\"dateModified\":\"2023-03-03T14:57:42+00:00\",\"mainEntityOfPage\":{\"@id\":\"https:\\\/\\\/aaep.org.ar\\\/?p=5899\"},\"wordCount\":28,\"publisher\":{\"@id\":\"https:\\\/\\\/aaep.org.ar\\\/#organization\"},\"keywords\":[\"AAEP Anales 2022\"],\"articleSection\":[\"Anales\"],\"inLanguage\":\"es\"},{\"@type\":\"WebPage\",\"@id\":\"https:\\\/\\\/aaep.org.ar\\\/?p=5899\",\"url\":\"https:\\\/\\\/aaep.org.ar\\\/?p=5899\",\"name\":\"Pobreza Multidimensional post-pandemia en una ciudad intermedia: el caso de Bah\u00eda Blanca - Asociaci\u00f3n Argentina de Econom\u00eda Pol\u00edtica\",\"isPartOf\":{\"@id\":\"https:\\\/\\\/aaep.org.ar\\\/#website\"},\"datePublished\":\"2023-03-03T14:57:41+00:00\",\"dateModified\":\"2023-03-03T14:57:42+00:00\",\"breadcrumb\":{\"@id\":\"https:\\\/\\\/aaep.org.ar\\\/?p=5899#breadcrumb\"},\"inLanguage\":\"es\",\"potentialAction\":[{\"@type\":\"ReadAction\",\"target\":[\"https:\\\/\\\/aaep.org.ar\\\/?p=5899\"]}]},{\"@type\":\"BreadcrumbList\",\"@id\":\"https:\\\/\\\/aaep.org.ar\\\/?p=5899#breadcrumb\",\"itemListElement\":[{\"@type\":\"ListItem\",\"position\":1,\"name\":\"Portada\",\"item\":\"https:\\\/\\\/aaep.org.ar\\\/\"},{\"@type\":\"ListItem\",\"position\":2,\"name\":\"Pobreza Multidimensional post-pandemia en una ciudad intermedia: el caso de Bah\u00eda Blanca\"}]},{\"@type\":\"WebSite\",\"@id\":\"https:\\\/\\\/aaep.org.ar\\\/#website\",\"url\":\"https:\\\/\\\/aaep.org.ar\\\/\",\"name\":\"Asociaci\u00f3n Argentina de Econom\u00eda Pol\u00edtica\",\"description\":\"Asociaci\u00f3n Argentina de Econom\u00eda Pol\u00edtica\",\"publisher\":{\"@id\":\"https:\\\/\\\/aaep.org.ar\\\/#organization\"},\"potentialAction\":[{\"@type\":\"SearchAction\",\"target\":{\"@type\":\"EntryPoint\",\"urlTemplate\":\"https:\\\/\\\/aaep.org.ar\\\/?s={search_term_string}\"},\"query-input\":{\"@type\":\"PropertyValueSpecification\",\"valueRequired\":true,\"valueName\":\"search_term_string\"}}],\"inLanguage\":\"es\"},{\"@type\":\"Organization\",\"@id\":\"https:\\\/\\\/aaep.org.ar\\\/#organization\",\"name\":\"Asociaci\u00f3n Argentina de Econom\u00eda Pol\u00edtica\",\"url\":\"https:\\\/\\\/aaep.org.ar\\\/\",\"logo\":{\"@type\":\"ImageObject\",\"inLanguage\":\"es\",\"@id\":\"https:\\\/\\\/aaep.org.ar\\\/#\\\/schema\\\/logo\\\/image\\\/\",\"url\":\"https:\\\/\\\/aaep.org.ar\\\/wp-content\\\/uploads\\\/2022\\\/05\\\/cropped-aaep_logo.png\",\"contentUrl\":\"https:\\\/\\\/aaep.org.ar\\\/wp-content\\\/uploads\\\/2022\\\/05\\\/cropped-aaep_logo.png\",\"width\":74,\"height\":49,\"caption\":\"Asociaci\u00f3n Argentina de Econom\u00eda Pol\u00edtica\"},\"image\":{\"@id\":\"https:\\\/\\\/aaep.org.ar\\\/#\\\/schema\\\/logo\\\/image\\\/\"},\"sameAs\":[\"https:\\\/\\\/x.com\\\/aaepoficial\",\"https:\\\/\\\/www.instagram.com\\\/aaepoficial\\\/\"]},{\"@type\":\"Person\",\"@id\":\"https:\\\/\\\/aaep.org.ar\\\/#\\\/schema\\\/person\\\/7150b747ba20875259c74b2cd177316c\",\"name\":\"aaepolitica\",\"image\":{\"@type\":\"ImageObject\",\"inLanguage\":\"es\",\"@id\":\"https:\\\/\\\/secure.gravatar.com\\\/avatar\\\/b4c835a24b26f7310194c9c19eee26567492d7a70e27fc0adad2d6b1983478c9?s=96&d=mm&r=g\",\"url\":\"https:\\\/\\\/secure.gravatar.com\\\/avatar\\\/b4c835a24b26f7310194c9c19eee26567492d7a70e27fc0adad2d6b1983478c9?s=96&d=mm&r=g\",\"contentUrl\":\"https:\\\/\\\/secure.gravatar.com\\\/avatar\\\/b4c835a24b26f7310194c9c19eee26567492d7a70e27fc0adad2d6b1983478c9?s=96&d=mm&r=g\",\"caption\":\"aaepolitica\"},\"sameAs\":[\"https:\\\/\\\/aaep.org.ar\"]}]}<\/script>\n<!-- \/ Yoast SEO plugin. -->","yoast_head_json":{"title":"Pobreza Multidimensional post-pandemia en una ciudad intermedia: el caso de Bah\u00eda Blanca - Asociaci\u00f3n Argentina de Econom\u00eda Pol\u00edtica","robots":{"index":"noindex","follow":"follow"},"og_locale":"es_ES","og_type":"article","og_title":"Pobreza Multidimensional post-pandemia en una ciudad intermedia: el caso de Bah\u00eda Blanca - Asociaci\u00f3n Argentina de Econom\u00eda Pol\u00edtica","og_description":"En un contexto internacional que ha experimentado incrementos significativos de la pobreza y de la inseguridad alimentaria, este trabajo ofrece una suerte de \u2018radiograf\u00eda de la pobreza\u2019 en una ciudad intermedia de gran relevancia para el sur argentino: Bah\u00eda Blanca. Se presentan estimaciones de un \u00cdndice de Pobreza Multidimensional a partir de la Encuesta del Proyecto de Unidad Ejecutora del IIESS, una fuente de datos sin precedentes para la ciudad por su tama\u00f1o muestral y cobertura. Se encuentra que un 28% de la poblaci\u00f3n, lo cual representa a 82.400 personas, habita en hogares en pobreza multidimensional intensa a severa, de los cuales 30.000 son ni\u00f1os, ni\u00f1as y adolescentes de 0 a 17 a\u00f1os de edad. La ciudad exhibe tambi\u00e9n altos niveles de inseguridad alimentaria: un 16% de la poblaci\u00f3n habita en hogares con inseguridad alimentaria moderada a severa, de los cuales 17.000 son menores de edad. Se observa tambi\u00e9n un significativo grado de segregaci\u00f3n socio-espacial entre barrios vulnerables y no-vulnerables, dicotom\u00eda que se intensifica cuando se considera la poblaci\u00f3n de ni\u00f1os, ni\u00f1as y adolescentes. Se requiere de pol\u00edticas sociales interconectadas y que prioricen a los grupos poblacionales en situaci\u00f3n de mayor intensidad de la pobreza multidimensional.","og_url":"https:\/\/aaep.org.ar\/?p=5899","og_site_name":"Asociaci\u00f3n Argentina de Econom\u00eda Pol\u00edtica","article_published_time":"2023-03-03T14:57:41+00:00","article_modified_time":"2023-03-03T14:57:42+00:00","author":"aaepolitica","twitter_card":"summary_large_image","twitter_creator":"@aaepoficial","twitter_site":"@aaepoficial","twitter_misc":{"Escrito por":"aaepolitica"},"schema":{"@context":"https:\/\/schema.org","@graph":[{"@type":"Article","@id":"https:\/\/aaep.org.ar\/?p=5899#article","isPartOf":{"@id":"https:\/\/aaep.org.ar\/?p=5899"},"author":{"name":"aaepolitica","@id":"https:\/\/aaep.org.ar\/#\/schema\/person\/7150b747ba20875259c74b2cd177316c"},"headline":"Pobreza Multidimensional post-pandemia en una ciudad intermedia: el caso de Bah\u00eda Blanca","datePublished":"2023-03-03T14:57:41+00:00","dateModified":"2023-03-03T14:57:42+00:00","mainEntityOfPage":{"@id":"https:\/\/aaep.org.ar\/?p=5899"},"wordCount":28,"publisher":{"@id":"https:\/\/aaep.org.ar\/#organization"},"keywords":["AAEP Anales 2022"],"articleSection":["Anales"],"inLanguage":"es"},{"@type":"WebPage","@id":"https:\/\/aaep.org.ar\/?p=5899","url":"https:\/\/aaep.org.ar\/?p=5899","name":"Pobreza Multidimensional post-pandemia en una ciudad intermedia: el caso de Bah\u00eda Blanca - Asociaci\u00f3n Argentina de Econom\u00eda Pol\u00edtica","isPartOf":{"@id":"https:\/\/aaep.org.ar\/#website"},"datePublished":"2023-03-03T14:57:41+00:00","dateModified":"2023-03-03T14:57:42+00:00","breadcrumb":{"@id":"https:\/\/aaep.org.ar\/?p=5899#breadcrumb"},"inLanguage":"es","potentialAction":[{"@type":"ReadAction","target":["https:\/\/aaep.org.ar\/?p=5899"]}]},{"@type":"BreadcrumbList","@id":"https:\/\/aaep.org.ar\/?p=5899#breadcrumb","itemListElement":[{"@type":"ListItem","position":1,"name":"Portada","item":"https:\/\/aaep.org.ar\/"},{"@type":"ListItem","position":2,"name":"Pobreza Multidimensional post-pandemia en una ciudad intermedia: el caso de Bah\u00eda Blanca"}]},{"@type":"WebSite","@id":"https:\/\/aaep.org.ar\/#website","url":"https:\/\/aaep.org.ar\/","name":"Asociaci\u00f3n Argentina de Econom\u00eda Pol\u00edtica","description":"Asociaci\u00f3n Argentina de Econom\u00eda Pol\u00edtica","publisher":{"@id":"https:\/\/aaep.org.ar\/#organization"},"potentialAction":[{"@type":"SearchAction","target":{"@type":"EntryPoint","urlTemplate":"https:\/\/aaep.org.ar\/?s={search_term_string}"},"query-input":{"@type":"PropertyValueSpecification","valueRequired":true,"valueName":"search_term_string"}}],"inLanguage":"es"},{"@type":"Organization","@id":"https:\/\/aaep.org.ar\/#organization","name":"Asociaci\u00f3n Argentina de Econom\u00eda Pol\u00edtica","url":"https:\/\/aaep.org.ar\/","logo":{"@type":"ImageObject","inLanguage":"es","@id":"https:\/\/aaep.org.ar\/#\/schema\/logo\/image\/","url":"https:\/\/aaep.org.ar\/wp-content\/uploads\/2022\/05\/cropped-aaep_logo.png","contentUrl":"https:\/\/aaep.org.ar\/wp-content\/uploads\/2022\/05\/cropped-aaep_logo.png","width":74,"height":49,"caption":"Asociaci\u00f3n Argentina de Econom\u00eda Pol\u00edtica"},"image":{"@id":"https:\/\/aaep.org.ar\/#\/schema\/logo\/image\/"},"sameAs":["https:\/\/x.com\/aaepoficial","https:\/\/www.instagram.com\/aaepoficial\/"]},{"@type":"Person","@id":"https:\/\/aaep.org.ar\/#\/schema\/person\/7150b747ba20875259c74b2cd177316c","name":"aaepolitica","image":{"@type":"ImageObject","inLanguage":"es","@id":"https:\/\/secure.gravatar.com\/avatar\/b4c835a24b26f7310194c9c19eee26567492d7a70e27fc0adad2d6b1983478c9?s=96&d=mm&r=g","url":"https:\/\/secure.gravatar.com\/avatar\/b4c835a24b26f7310194c9c19eee26567492d7a70e27fc0adad2d6b1983478c9?s=96&d=mm&r=g","contentUrl":"https:\/\/secure.gravatar.com\/avatar\/b4c835a24b26f7310194c9c19eee26567492d7a70e27fc0adad2d6b1983478c9?s=96&d=mm&r=g","caption":"aaepolitica"},"sameAs":["https:\/\/aaep.org.ar"]}]}},"_links":{"self":[{"href":"https:\/\/aaep.org.ar\/index.php?rest_route=\/wp\/v2\/posts\/5899","targetHints":{"allow":["GET"]}}],"collection":[{"href":"https:\/\/aaep.org.ar\/index.php?rest_route=\/wp\/v2\/posts"}],"about":[{"href":"https:\/\/aaep.org.ar\/index.php?rest_route=\/wp\/v2\/types\/post"}],"author":[{"embeddable":true,"href":"https:\/\/aaep.org.ar\/index.php?rest_route=\/wp\/v2\/users\/1"}],"replies":[{"embeddable":true,"href":"https:\/\/aaep.org.ar\/index.php?rest_route=%2Fwp%2Fv2%2Fcomments&post=5899"}],"version-history":[{"count":2,"href":"https:\/\/aaep.org.ar\/index.php?rest_route=\/wp\/v2\/posts\/5899\/revisions"}],"predecessor-version":[{"id":5901,"href":"https:\/\/aaep.org.ar\/index.php?rest_route=\/wp\/v2\/posts\/5899\/revisions\/5901"}],"wp:attachment":[{"href":"https:\/\/aaep.org.ar\/index.php?rest_route=%2Fwp%2Fv2%2Fmedia&parent=5899"}],"wp:term":[{"taxonomy":"category","embeddable":true,"href":"https:\/\/aaep.org.ar\/index.php?rest_route=%2Fwp%2Fv2%2Fcategories&post=5899"},{"taxonomy":"post_tag","embeddable":true,"href":"https:\/\/aaep.org.ar\/index.php?rest_route=%2Fwp%2Fv2%2Ftags&post=5899"}],"curies":[{"name":"wp","href":"https:\/\/api.w.org\/{rel}","templated":true}]}}