{"id":5920,"date":"2023-03-03T15:45:37","date_gmt":"2023-03-03T15:45:37","guid":{"rendered":"https:\/\/aaep.org.ar\/?p=5920"},"modified":"2023-03-03T15:45:38","modified_gmt":"2023-03-03T15:45:38","slug":"cierre-de-escuelas-en-pandemia-y-brechas-de-genero-en-argentina-madres-mas-vulnerables","status":"publish","type":"post","link":"https:\/\/aaep.org.ar\/?p=5920","title":{"rendered":"Cierre de escuelas en pandemia y brechas de g\u00e9nero en Argentina: \u00bfmadres m\u00e1s vulnerables?"},"content":{"rendered":"<iframe loading=\"lazy\" class=\"wonderplugin-pdf-iframe\" src=\"https:\/\/aaep.org.ar\/wp-content\/plugins\/wonderplugin-pdf-embed\/pdfjslight\/web\/viewer.html?v=2&file=https:\/\/aaep.org.ar\/works\/works2022\/4603.pdf\" width=\"100%\" height=\"600px\" style=\"border:0;\"><\/iframe>\n","protected":false},"excerpt":{"rendered":"<p>En este documento estudio el efecto del cierre de escuelas durante la crisis del COVID-19 sobre las brechas de g\u00e9nero en el mercado de trabajo en Argentina. Utilizando la metodolog\u00eda de triple diferencias, encuentro un efecto significativo y desigual para las madres con ni\u00f1os en edad escolar (de 4 a 18 a\u00f1os). En total, el primer a\u00f1o de la pandemia (del segundo trimestre del 2020 al primero del 2021) implic\u00f3 una reducci\u00f3n de su probabilidad de participar en el mercado de trabajo de 8,5 puntos porcentuales. Adem\u00e1s, esta ca\u00edda fue 1,9 p.p. mayor que para las mujeres sin hijos en edad escolar y que para los hombres, posiblemente debido al cierre de escuelas. Al controlar por el efecto que la pandemia tuvo en cada sector de actividad y segmentar a las personas por grupos de edad del hijo menor, encuentro que el impacto diferencial de la pandemia sobre la participaci\u00f3n laboral de las madres con hijos de 4 a 12 a\u00f1os fue a\u00fan 4,5 p.p. mayor que el resto. El mecanismo contractivo de la pandemia sobre la ocupaci\u00f3n tambi\u00e9n muestra una reducci\u00f3n en su probabilidad de emplearse 3,5 p.p. mayor. Los hallazgos de este estudio llaman la atenci\u00f3n sobre el largo camino que queda por recorrer para atender los impactos negativos del COVID-19 en materia de brechas de g\u00e9nero en Argentina.<\/p>\n","protected":false},"author":1,"featured_media":0,"comment_status":"closed","ping_status":"open","sticky":false,"template":"","format":"standard","meta":{"_acf_changed":false,"_coblocks_attr":"","_coblocks_dimensions":"","_coblocks_responsive_height":"","_coblocks_accordion_ie_support":"","footnotes":""},"categories":[29],"tags":[30],"class_list":["post-5920","post","type-post","status-publish","format-standard","hentry","category-anales","tag-aaep-anales-2022"],"acf":[],"yoast_head":"<!-- This site is optimized with the Yoast SEO plugin v27.5 - https:\/\/yoast.com\/product\/yoast-seo-wordpress\/ -->\n<title>Cierre de escuelas en pandemia y brechas de g\u00e9nero en Argentina: \u00bfmadres m\u00e1s vulnerables? - Asociaci\u00f3n Argentina de Econom\u00eda Pol\u00edtica<\/title>\n<meta name=\"robots\" content=\"noindex, follow\" \/>\n<meta property=\"og:locale\" content=\"es_ES\" \/>\n<meta property=\"og:type\" content=\"article\" \/>\n<meta property=\"og:title\" content=\"Cierre de escuelas en pandemia y brechas de g\u00e9nero en Argentina: \u00bfmadres m\u00e1s vulnerables? - Asociaci\u00f3n Argentina de Econom\u00eda Pol\u00edtica\" \/>\n<meta property=\"og:description\" content=\"En este documento estudio el efecto del cierre de escuelas durante la crisis del COVID-19 sobre las brechas de g\u00e9nero en el mercado de trabajo en Argentina. Utilizando la metodolog\u00eda de triple diferencias, encuentro un efecto significativo y desigual para las madres con ni\u00f1os en edad escolar (de 4 a 18 a\u00f1os). En total, el primer a\u00f1o de la pandemia (del segundo trimestre del 2020 al primero del 2021) implic\u00f3 una reducci\u00f3n de su probabilidad de participar en el mercado de trabajo de 8,5 puntos porcentuales. Adem\u00e1s, esta ca\u00edda fue 1,9 p.p. mayor que para las mujeres sin hijos en edad escolar y que para los hombres, posiblemente debido al cierre de escuelas. Al controlar por el efecto que la pandemia tuvo en cada sector de actividad y segmentar a las personas por grupos de edad del hijo menor, encuentro que el impacto diferencial de la pandemia sobre la participaci\u00f3n laboral de las madres con hijos de 4 a 12 a\u00f1os fue a\u00fan 4,5 p.p. mayor que el resto. El mecanismo contractivo de la pandemia sobre la ocupaci\u00f3n tambi\u00e9n muestra una reducci\u00f3n en su probabilidad de emplearse 3,5 p.p. mayor. Los hallazgos de este estudio llaman la atenci\u00f3n sobre el largo camino que queda por recorrer para atender los impactos negativos del COVID-19 en materia de brechas de g\u00e9nero en Argentina.\" \/>\n<meta property=\"og:url\" content=\"https:\/\/aaep.org.ar\/?p=5920\" \/>\n<meta property=\"og:site_name\" content=\"Asociaci\u00f3n Argentina de Econom\u00eda Pol\u00edtica\" \/>\n<meta property=\"article:published_time\" content=\"2023-03-03T15:45:37+00:00\" \/>\n<meta property=\"article:modified_time\" content=\"2023-03-03T15:45:38+00:00\" \/>\n<meta name=\"author\" content=\"aaepolitica\" \/>\n<meta name=\"twitter:card\" content=\"summary_large_image\" \/>\n<meta name=\"twitter:creator\" content=\"@aaepoficial\" \/>\n<meta name=\"twitter:site\" content=\"@aaepoficial\" \/>\n<meta name=\"twitter:label1\" content=\"Escrito por\" \/>\n\t<meta name=\"twitter:data1\" content=\"aaepolitica\" \/>\n<script type=\"application\/ld+json\" class=\"yoast-schema-graph\">{\"@context\":\"https:\\\/\\\/schema.org\",\"@graph\":[{\"@type\":\"Article\",\"@id\":\"https:\\\/\\\/aaep.org.ar\\\/?p=5920#article\",\"isPartOf\":{\"@id\":\"https:\\\/\\\/aaep.org.ar\\\/?p=5920\"},\"author\":{\"name\":\"aaepolitica\",\"@id\":\"https:\\\/\\\/aaep.org.ar\\\/#\\\/schema\\\/person\\\/7150b747ba20875259c74b2cd177316c\"},\"headline\":\"Cierre de escuelas en pandemia y brechas de g\u00e9nero en Argentina: \u00bfmadres m\u00e1s vulnerables?\",\"datePublished\":\"2023-03-03T15:45:37+00:00\",\"dateModified\":\"2023-03-03T15:45:38+00:00\",\"mainEntityOfPage\":{\"@id\":\"https:\\\/\\\/aaep.org.ar\\\/?p=5920\"},\"wordCount\":31,\"publisher\":{\"@id\":\"https:\\\/\\\/aaep.org.ar\\\/#organization\"},\"keywords\":[\"AAEP Anales 2022\"],\"articleSection\":[\"Anales\"],\"inLanguage\":\"es\"},{\"@type\":\"WebPage\",\"@id\":\"https:\\\/\\\/aaep.org.ar\\\/?p=5920\",\"url\":\"https:\\\/\\\/aaep.org.ar\\\/?p=5920\",\"name\":\"Cierre de escuelas en pandemia y brechas de g\u00e9nero en Argentina: \u00bfmadres m\u00e1s vulnerables? - Asociaci\u00f3n Argentina de Econom\u00eda Pol\u00edtica\",\"isPartOf\":{\"@id\":\"https:\\\/\\\/aaep.org.ar\\\/#website\"},\"datePublished\":\"2023-03-03T15:45:37+00:00\",\"dateModified\":\"2023-03-03T15:45:38+00:00\",\"breadcrumb\":{\"@id\":\"https:\\\/\\\/aaep.org.ar\\\/?p=5920#breadcrumb\"},\"inLanguage\":\"es\",\"potentialAction\":[{\"@type\":\"ReadAction\",\"target\":[\"https:\\\/\\\/aaep.org.ar\\\/?p=5920\"]}]},{\"@type\":\"BreadcrumbList\",\"@id\":\"https:\\\/\\\/aaep.org.ar\\\/?p=5920#breadcrumb\",\"itemListElement\":[{\"@type\":\"ListItem\",\"position\":1,\"name\":\"Portada\",\"item\":\"https:\\\/\\\/aaep.org.ar\\\/\"},{\"@type\":\"ListItem\",\"position\":2,\"name\":\"Cierre de escuelas en pandemia y brechas de g\u00e9nero en Argentina: \u00bfmadres m\u00e1s vulnerables?\"}]},{\"@type\":\"WebSite\",\"@id\":\"https:\\\/\\\/aaep.org.ar\\\/#website\",\"url\":\"https:\\\/\\\/aaep.org.ar\\\/\",\"name\":\"Asociaci\u00f3n Argentina de Econom\u00eda Pol\u00edtica\",\"description\":\"Asociaci\u00f3n Argentina de Econom\u00eda Pol\u00edtica\",\"publisher\":{\"@id\":\"https:\\\/\\\/aaep.org.ar\\\/#organization\"},\"potentialAction\":[{\"@type\":\"SearchAction\",\"target\":{\"@type\":\"EntryPoint\",\"urlTemplate\":\"https:\\\/\\\/aaep.org.ar\\\/?s={search_term_string}\"},\"query-input\":{\"@type\":\"PropertyValueSpecification\",\"valueRequired\":true,\"valueName\":\"search_term_string\"}}],\"inLanguage\":\"es\"},{\"@type\":\"Organization\",\"@id\":\"https:\\\/\\\/aaep.org.ar\\\/#organization\",\"name\":\"Asociaci\u00f3n Argentina de Econom\u00eda Pol\u00edtica\",\"url\":\"https:\\\/\\\/aaep.org.ar\\\/\",\"logo\":{\"@type\":\"ImageObject\",\"inLanguage\":\"es\",\"@id\":\"https:\\\/\\\/aaep.org.ar\\\/#\\\/schema\\\/logo\\\/image\\\/\",\"url\":\"https:\\\/\\\/aaep.org.ar\\\/wp-content\\\/uploads\\\/2022\\\/05\\\/cropped-aaep_logo.png\",\"contentUrl\":\"https:\\\/\\\/aaep.org.ar\\\/wp-content\\\/uploads\\\/2022\\\/05\\\/cropped-aaep_logo.png\",\"width\":74,\"height\":49,\"caption\":\"Asociaci\u00f3n Argentina de Econom\u00eda Pol\u00edtica\"},\"image\":{\"@id\":\"https:\\\/\\\/aaep.org.ar\\\/#\\\/schema\\\/logo\\\/image\\\/\"},\"sameAs\":[\"https:\\\/\\\/x.com\\\/aaepoficial\",\"https:\\\/\\\/www.instagram.com\\\/aaepoficial\\\/\"]},{\"@type\":\"Person\",\"@id\":\"https:\\\/\\\/aaep.org.ar\\\/#\\\/schema\\\/person\\\/7150b747ba20875259c74b2cd177316c\",\"name\":\"aaepolitica\",\"image\":{\"@type\":\"ImageObject\",\"inLanguage\":\"es\",\"@id\":\"https:\\\/\\\/secure.gravatar.com\\\/avatar\\\/b4c835a24b26f7310194c9c19eee26567492d7a70e27fc0adad2d6b1983478c9?s=96&d=mm&r=g\",\"url\":\"https:\\\/\\\/secure.gravatar.com\\\/avatar\\\/b4c835a24b26f7310194c9c19eee26567492d7a70e27fc0adad2d6b1983478c9?s=96&d=mm&r=g\",\"contentUrl\":\"https:\\\/\\\/secure.gravatar.com\\\/avatar\\\/b4c835a24b26f7310194c9c19eee26567492d7a70e27fc0adad2d6b1983478c9?s=96&d=mm&r=g\",\"caption\":\"aaepolitica\"},\"sameAs\":[\"https:\\\/\\\/aaep.org.ar\"]}]}<\/script>\n<!-- \/ Yoast SEO plugin. -->","yoast_head_json":{"title":"Cierre de escuelas en pandemia y brechas de g\u00e9nero en Argentina: \u00bfmadres m\u00e1s vulnerables? - Asociaci\u00f3n Argentina de Econom\u00eda Pol\u00edtica","robots":{"index":"noindex","follow":"follow"},"og_locale":"es_ES","og_type":"article","og_title":"Cierre de escuelas en pandemia y brechas de g\u00e9nero en Argentina: \u00bfmadres m\u00e1s vulnerables? - Asociaci\u00f3n Argentina de Econom\u00eda Pol\u00edtica","og_description":"En este documento estudio el efecto del cierre de escuelas durante la crisis del COVID-19 sobre las brechas de g\u00e9nero en el mercado de trabajo en Argentina. Utilizando la metodolog\u00eda de triple diferencias, encuentro un efecto significativo y desigual para las madres con ni\u00f1os en edad escolar (de 4 a 18 a\u00f1os). En total, el primer a\u00f1o de la pandemia (del segundo trimestre del 2020 al primero del 2021) implic\u00f3 una reducci\u00f3n de su probabilidad de participar en el mercado de trabajo de 8,5 puntos porcentuales. Adem\u00e1s, esta ca\u00edda fue 1,9 p.p. mayor que para las mujeres sin hijos en edad escolar y que para los hombres, posiblemente debido al cierre de escuelas. Al controlar por el efecto que la pandemia tuvo en cada sector de actividad y segmentar a las personas por grupos de edad del hijo menor, encuentro que el impacto diferencial de la pandemia sobre la participaci\u00f3n laboral de las madres con hijos de 4 a 12 a\u00f1os fue a\u00fan 4,5 p.p. mayor que el resto. El mecanismo contractivo de la pandemia sobre la ocupaci\u00f3n tambi\u00e9n muestra una reducci\u00f3n en su probabilidad de emplearse 3,5 p.p. mayor. Los hallazgos de este estudio llaman la atenci\u00f3n sobre el largo camino que queda por recorrer para atender los impactos negativos del COVID-19 en materia de brechas de g\u00e9nero en Argentina.","og_url":"https:\/\/aaep.org.ar\/?p=5920","og_site_name":"Asociaci\u00f3n Argentina de Econom\u00eda Pol\u00edtica","article_published_time":"2023-03-03T15:45:37+00:00","article_modified_time":"2023-03-03T15:45:38+00:00","author":"aaepolitica","twitter_card":"summary_large_image","twitter_creator":"@aaepoficial","twitter_site":"@aaepoficial","twitter_misc":{"Escrito por":"aaepolitica"},"schema":{"@context":"https:\/\/schema.org","@graph":[{"@type":"Article","@id":"https:\/\/aaep.org.ar\/?p=5920#article","isPartOf":{"@id":"https:\/\/aaep.org.ar\/?p=5920"},"author":{"name":"aaepolitica","@id":"https:\/\/aaep.org.ar\/#\/schema\/person\/7150b747ba20875259c74b2cd177316c"},"headline":"Cierre de escuelas en pandemia y brechas de g\u00e9nero en Argentina: \u00bfmadres m\u00e1s vulnerables?","datePublished":"2023-03-03T15:45:37+00:00","dateModified":"2023-03-03T15:45:38+00:00","mainEntityOfPage":{"@id":"https:\/\/aaep.org.ar\/?p=5920"},"wordCount":31,"publisher":{"@id":"https:\/\/aaep.org.ar\/#organization"},"keywords":["AAEP Anales 2022"],"articleSection":["Anales"],"inLanguage":"es"},{"@type":"WebPage","@id":"https:\/\/aaep.org.ar\/?p=5920","url":"https:\/\/aaep.org.ar\/?p=5920","name":"Cierre de escuelas en pandemia y brechas de g\u00e9nero en Argentina: \u00bfmadres m\u00e1s vulnerables? - Asociaci\u00f3n Argentina de Econom\u00eda Pol\u00edtica","isPartOf":{"@id":"https:\/\/aaep.org.ar\/#website"},"datePublished":"2023-03-03T15:45:37+00:00","dateModified":"2023-03-03T15:45:38+00:00","breadcrumb":{"@id":"https:\/\/aaep.org.ar\/?p=5920#breadcrumb"},"inLanguage":"es","potentialAction":[{"@type":"ReadAction","target":["https:\/\/aaep.org.ar\/?p=5920"]}]},{"@type":"BreadcrumbList","@id":"https:\/\/aaep.org.ar\/?p=5920#breadcrumb","itemListElement":[{"@type":"ListItem","position":1,"name":"Portada","item":"https:\/\/aaep.org.ar\/"},{"@type":"ListItem","position":2,"name":"Cierre de escuelas en pandemia y brechas de g\u00e9nero en Argentina: \u00bfmadres m\u00e1s vulnerables?"}]},{"@type":"WebSite","@id":"https:\/\/aaep.org.ar\/#website","url":"https:\/\/aaep.org.ar\/","name":"Asociaci\u00f3n Argentina de Econom\u00eda Pol\u00edtica","description":"Asociaci\u00f3n Argentina de Econom\u00eda Pol\u00edtica","publisher":{"@id":"https:\/\/aaep.org.ar\/#organization"},"potentialAction":[{"@type":"SearchAction","target":{"@type":"EntryPoint","urlTemplate":"https:\/\/aaep.org.ar\/?s={search_term_string}"},"query-input":{"@type":"PropertyValueSpecification","valueRequired":true,"valueName":"search_term_string"}}],"inLanguage":"es"},{"@type":"Organization","@id":"https:\/\/aaep.org.ar\/#organization","name":"Asociaci\u00f3n Argentina de Econom\u00eda Pol\u00edtica","url":"https:\/\/aaep.org.ar\/","logo":{"@type":"ImageObject","inLanguage":"es","@id":"https:\/\/aaep.org.ar\/#\/schema\/logo\/image\/","url":"https:\/\/aaep.org.ar\/wp-content\/uploads\/2022\/05\/cropped-aaep_logo.png","contentUrl":"https:\/\/aaep.org.ar\/wp-content\/uploads\/2022\/05\/cropped-aaep_logo.png","width":74,"height":49,"caption":"Asociaci\u00f3n Argentina de Econom\u00eda Pol\u00edtica"},"image":{"@id":"https:\/\/aaep.org.ar\/#\/schema\/logo\/image\/"},"sameAs":["https:\/\/x.com\/aaepoficial","https:\/\/www.instagram.com\/aaepoficial\/"]},{"@type":"Person","@id":"https:\/\/aaep.org.ar\/#\/schema\/person\/7150b747ba20875259c74b2cd177316c","name":"aaepolitica","image":{"@type":"ImageObject","inLanguage":"es","@id":"https:\/\/secure.gravatar.com\/avatar\/b4c835a24b26f7310194c9c19eee26567492d7a70e27fc0adad2d6b1983478c9?s=96&d=mm&r=g","url":"https:\/\/secure.gravatar.com\/avatar\/b4c835a24b26f7310194c9c19eee26567492d7a70e27fc0adad2d6b1983478c9?s=96&d=mm&r=g","contentUrl":"https:\/\/secure.gravatar.com\/avatar\/b4c835a24b26f7310194c9c19eee26567492d7a70e27fc0adad2d6b1983478c9?s=96&d=mm&r=g","caption":"aaepolitica"},"sameAs":["https:\/\/aaep.org.ar"]}]}},"_links":{"self":[{"href":"https:\/\/aaep.org.ar\/index.php?rest_route=\/wp\/v2\/posts\/5920","targetHints":{"allow":["GET"]}}],"collection":[{"href":"https:\/\/aaep.org.ar\/index.php?rest_route=\/wp\/v2\/posts"}],"about":[{"href":"https:\/\/aaep.org.ar\/index.php?rest_route=\/wp\/v2\/types\/post"}],"author":[{"embeddable":true,"href":"https:\/\/aaep.org.ar\/index.php?rest_route=\/wp\/v2\/users\/1"}],"replies":[{"embeddable":true,"href":"https:\/\/aaep.org.ar\/index.php?rest_route=%2Fwp%2Fv2%2Fcomments&post=5920"}],"version-history":[{"count":2,"href":"https:\/\/aaep.org.ar\/index.php?rest_route=\/wp\/v2\/posts\/5920\/revisions"}],"predecessor-version":[{"id":5922,"href":"https:\/\/aaep.org.ar\/index.php?rest_route=\/wp\/v2\/posts\/5920\/revisions\/5922"}],"wp:attachment":[{"href":"https:\/\/aaep.org.ar\/index.php?rest_route=%2Fwp%2Fv2%2Fmedia&parent=5920"}],"wp:term":[{"taxonomy":"category","embeddable":true,"href":"https:\/\/aaep.org.ar\/index.php?rest_route=%2Fwp%2Fv2%2Fcategories&post=5920"},{"taxonomy":"post_tag","embeddable":true,"href":"https:\/\/aaep.org.ar\/index.php?rest_route=%2Fwp%2Fv2%2Ftags&post=5920"}],"curies":[{"name":"wp","href":"https:\/\/api.w.org\/{rel}","templated":true}]}}