{"id":5932,"date":"2023-03-03T15:54:20","date_gmt":"2023-03-03T15:54:20","guid":{"rendered":"https:\/\/aaep.org.ar\/?p=5932"},"modified":"2023-03-03T15:54:23","modified_gmt":"2023-03-03T15:54:23","slug":"segregacion-escolar-socioeconomica-un-modelo-dinamico","status":"publish","type":"post","link":"https:\/\/aaep.org.ar\/?p=5932","title":{"rendered":"Segregaci\u00f3n escolar socioecon\u00f3mica: Un modelo din\u00e1mico"},"content":{"rendered":"<iframe loading=\"lazy\" class=\"wonderplugin-pdf-iframe\" src=\"https:\/\/aaep.org.ar\/wp-content\/plugins\/wonderplugin-pdf-embed\/pdfjslight\/web\/viewer.html?v=2&file=https:\/\/aaep.org.ar\/works\/works2022\/4607.pdf\" width=\"100%\" height=\"600px\" style=\"border:0;\"><\/iframe>\n","protected":false},"excerpt":{"rendered":"<p>Este trabajo proporciona un modelo din\u00e1mico de segregaci\u00f3n escolar socioecon\u00f3mica. Reinterpreta y extiende el modelo Galor-Zeira para ilustrar las principales causas y consecuencias de este fen\u00f3meno. El modelo te\u00f3rico predice que la segregaci\u00f3n de los pobres ser\u00e1 mayor cuanto mayor sea la brecha de calidad entre las escuelas, menor sea la tasa de inter\u00e9s y mayor sea el costo marginal de asistir a escuelas de alta calidad para los individuos de menor riqueza. Estas predicciones se muestran consistentes con los datos observados en el caso de la segregaci\u00f3n entre escuelas p\u00fablicas y privadas. M\u00e1s importante a\u00fan, el modelo destaca el proceso de auto refuerzo que existe entre la segregaci\u00f3n escolar socioecon\u00f3mica y la distribuci\u00f3n del ingreso. Las diferencias en las calidades y los costos de las escuelas hacen que el proceso din\u00e1mico converja a una sociedad extremadamente polarizada, autoperpetuando la desigualdad.<\/p>\n","protected":false},"author":1,"featured_media":0,"comment_status":"closed","ping_status":"open","sticky":false,"template":"","format":"standard","meta":{"_acf_changed":false,"_coblocks_attr":"","_coblocks_dimensions":"","_coblocks_responsive_height":"","_coblocks_accordion_ie_support":"","footnotes":""},"categories":[29],"tags":[30],"class_list":["post-5932","post","type-post","status-publish","format-standard","hentry","category-anales","tag-aaep-anales-2022"],"acf":[],"yoast_head":"<!-- This site is optimized with the Yoast SEO plugin v27.5 - https:\/\/yoast.com\/product\/yoast-seo-wordpress\/ -->\n<title>Segregaci\u00f3n escolar socioecon\u00f3mica: Un modelo din\u00e1mico - Asociaci\u00f3n Argentina de Econom\u00eda Pol\u00edtica<\/title>\n<meta name=\"robots\" content=\"noindex, follow\" \/>\n<meta property=\"og:locale\" content=\"es_ES\" \/>\n<meta property=\"og:type\" content=\"article\" \/>\n<meta property=\"og:title\" content=\"Segregaci\u00f3n escolar socioecon\u00f3mica: Un modelo din\u00e1mico - Asociaci\u00f3n Argentina de Econom\u00eda Pol\u00edtica\" \/>\n<meta property=\"og:description\" content=\"Este trabajo proporciona un modelo din\u00e1mico de segregaci\u00f3n escolar socioecon\u00f3mica. Reinterpreta y extiende el modelo Galor-Zeira para ilustrar las principales causas y consecuencias de este fen\u00f3meno. El modelo te\u00f3rico predice que la segregaci\u00f3n de los pobres ser\u00e1 mayor cuanto mayor sea la brecha de calidad entre las escuelas, menor sea la tasa de inter\u00e9s y mayor sea el costo marginal de asistir a escuelas de alta calidad para los individuos de menor riqueza. Estas predicciones se muestran consistentes con los datos observados en el caso de la segregaci\u00f3n entre escuelas p\u00fablicas y privadas. M\u00e1s importante a\u00fan, el modelo destaca el proceso de auto refuerzo que existe entre la segregaci\u00f3n escolar socioecon\u00f3mica y la distribuci\u00f3n del ingreso. Las diferencias en las calidades y los costos de las escuelas hacen que el proceso din\u00e1mico converja a una sociedad extremadamente polarizada, autoperpetuando la desigualdad.\" \/>\n<meta property=\"og:url\" content=\"https:\/\/aaep.org.ar\/?p=5932\" \/>\n<meta property=\"og:site_name\" content=\"Asociaci\u00f3n Argentina de Econom\u00eda Pol\u00edtica\" \/>\n<meta property=\"article:published_time\" content=\"2023-03-03T15:54:20+00:00\" \/>\n<meta property=\"article:modified_time\" content=\"2023-03-03T15:54:23+00:00\" \/>\n<meta name=\"author\" content=\"aaepolitica\" \/>\n<meta name=\"twitter:card\" content=\"summary_large_image\" \/>\n<meta name=\"twitter:creator\" content=\"@aaepoficial\" \/>\n<meta name=\"twitter:site\" content=\"@aaepoficial\" \/>\n<meta name=\"twitter:label1\" content=\"Escrito por\" \/>\n\t<meta name=\"twitter:data1\" content=\"aaepolitica\" \/>\n<script type=\"application\/ld+json\" class=\"yoast-schema-graph\">{\"@context\":\"https:\\\/\\\/schema.org\",\"@graph\":[{\"@type\":\"Article\",\"@id\":\"https:\\\/\\\/aaep.org.ar\\\/?p=5932#article\",\"isPartOf\":{\"@id\":\"https:\\\/\\\/aaep.org.ar\\\/?p=5932\"},\"author\":{\"name\":\"aaepolitica\",\"@id\":\"https:\\\/\\\/aaep.org.ar\\\/#\\\/schema\\\/person\\\/7150b747ba20875259c74b2cd177316c\"},\"headline\":\"Segregaci\u00f3n escolar socioecon\u00f3mica: Un modelo din\u00e1mico\",\"datePublished\":\"2023-03-03T15:54:20+00:00\",\"dateModified\":\"2023-03-03T15:54:23+00:00\",\"mainEntityOfPage\":{\"@id\":\"https:\\\/\\\/aaep.org.ar\\\/?p=5932\"},\"wordCount\":24,\"publisher\":{\"@id\":\"https:\\\/\\\/aaep.org.ar\\\/#organization\"},\"keywords\":[\"AAEP Anales 2022\"],\"articleSection\":[\"Anales\"],\"inLanguage\":\"es\"},{\"@type\":\"WebPage\",\"@id\":\"https:\\\/\\\/aaep.org.ar\\\/?p=5932\",\"url\":\"https:\\\/\\\/aaep.org.ar\\\/?p=5932\",\"name\":\"Segregaci\u00f3n escolar socioecon\u00f3mica: Un modelo din\u00e1mico - Asociaci\u00f3n Argentina de Econom\u00eda Pol\u00edtica\",\"isPartOf\":{\"@id\":\"https:\\\/\\\/aaep.org.ar\\\/#website\"},\"datePublished\":\"2023-03-03T15:54:20+00:00\",\"dateModified\":\"2023-03-03T15:54:23+00:00\",\"breadcrumb\":{\"@id\":\"https:\\\/\\\/aaep.org.ar\\\/?p=5932#breadcrumb\"},\"inLanguage\":\"es\",\"potentialAction\":[{\"@type\":\"ReadAction\",\"target\":[\"https:\\\/\\\/aaep.org.ar\\\/?p=5932\"]}]},{\"@type\":\"BreadcrumbList\",\"@id\":\"https:\\\/\\\/aaep.org.ar\\\/?p=5932#breadcrumb\",\"itemListElement\":[{\"@type\":\"ListItem\",\"position\":1,\"name\":\"Portada\",\"item\":\"https:\\\/\\\/aaep.org.ar\\\/\"},{\"@type\":\"ListItem\",\"position\":2,\"name\":\"Segregaci\u00f3n escolar socioecon\u00f3mica: Un modelo din\u00e1mico\"}]},{\"@type\":\"WebSite\",\"@id\":\"https:\\\/\\\/aaep.org.ar\\\/#website\",\"url\":\"https:\\\/\\\/aaep.org.ar\\\/\",\"name\":\"Asociaci\u00f3n Argentina de Econom\u00eda Pol\u00edtica\",\"description\":\"Asociaci\u00f3n Argentina de Econom\u00eda Pol\u00edtica\",\"publisher\":{\"@id\":\"https:\\\/\\\/aaep.org.ar\\\/#organization\"},\"potentialAction\":[{\"@type\":\"SearchAction\",\"target\":{\"@type\":\"EntryPoint\",\"urlTemplate\":\"https:\\\/\\\/aaep.org.ar\\\/?s={search_term_string}\"},\"query-input\":{\"@type\":\"PropertyValueSpecification\",\"valueRequired\":true,\"valueName\":\"search_term_string\"}}],\"inLanguage\":\"es\"},{\"@type\":\"Organization\",\"@id\":\"https:\\\/\\\/aaep.org.ar\\\/#organization\",\"name\":\"Asociaci\u00f3n Argentina de Econom\u00eda Pol\u00edtica\",\"url\":\"https:\\\/\\\/aaep.org.ar\\\/\",\"logo\":{\"@type\":\"ImageObject\",\"inLanguage\":\"es\",\"@id\":\"https:\\\/\\\/aaep.org.ar\\\/#\\\/schema\\\/logo\\\/image\\\/\",\"url\":\"https:\\\/\\\/aaep.org.ar\\\/wp-content\\\/uploads\\\/2022\\\/05\\\/cropped-aaep_logo.png\",\"contentUrl\":\"https:\\\/\\\/aaep.org.ar\\\/wp-content\\\/uploads\\\/2022\\\/05\\\/cropped-aaep_logo.png\",\"width\":74,\"height\":49,\"caption\":\"Asociaci\u00f3n Argentina de Econom\u00eda Pol\u00edtica\"},\"image\":{\"@id\":\"https:\\\/\\\/aaep.org.ar\\\/#\\\/schema\\\/logo\\\/image\\\/\"},\"sameAs\":[\"https:\\\/\\\/x.com\\\/aaepoficial\",\"https:\\\/\\\/www.instagram.com\\\/aaepoficial\\\/\"]},{\"@type\":\"Person\",\"@id\":\"https:\\\/\\\/aaep.org.ar\\\/#\\\/schema\\\/person\\\/7150b747ba20875259c74b2cd177316c\",\"name\":\"aaepolitica\",\"image\":{\"@type\":\"ImageObject\",\"inLanguage\":\"es\",\"@id\":\"https:\\\/\\\/secure.gravatar.com\\\/avatar\\\/b4c835a24b26f7310194c9c19eee26567492d7a70e27fc0adad2d6b1983478c9?s=96&d=mm&r=g\",\"url\":\"https:\\\/\\\/secure.gravatar.com\\\/avatar\\\/b4c835a24b26f7310194c9c19eee26567492d7a70e27fc0adad2d6b1983478c9?s=96&d=mm&r=g\",\"contentUrl\":\"https:\\\/\\\/secure.gravatar.com\\\/avatar\\\/b4c835a24b26f7310194c9c19eee26567492d7a70e27fc0adad2d6b1983478c9?s=96&d=mm&r=g\",\"caption\":\"aaepolitica\"},\"sameAs\":[\"https:\\\/\\\/aaep.org.ar\"]}]}<\/script>\n<!-- \/ Yoast SEO plugin. -->","yoast_head_json":{"title":"Segregaci\u00f3n escolar socioecon\u00f3mica: Un modelo din\u00e1mico - Asociaci\u00f3n Argentina de Econom\u00eda Pol\u00edtica","robots":{"index":"noindex","follow":"follow"},"og_locale":"es_ES","og_type":"article","og_title":"Segregaci\u00f3n escolar socioecon\u00f3mica: Un modelo din\u00e1mico - Asociaci\u00f3n Argentina de Econom\u00eda Pol\u00edtica","og_description":"Este trabajo proporciona un modelo din\u00e1mico de segregaci\u00f3n escolar socioecon\u00f3mica. Reinterpreta y extiende el modelo Galor-Zeira para ilustrar las principales causas y consecuencias de este fen\u00f3meno. El modelo te\u00f3rico predice que la segregaci\u00f3n de los pobres ser\u00e1 mayor cuanto mayor sea la brecha de calidad entre las escuelas, menor sea la tasa de inter\u00e9s y mayor sea el costo marginal de asistir a escuelas de alta calidad para los individuos de menor riqueza. Estas predicciones se muestran consistentes con los datos observados en el caso de la segregaci\u00f3n entre escuelas p\u00fablicas y privadas. M\u00e1s importante a\u00fan, el modelo destaca el proceso de auto refuerzo que existe entre la segregaci\u00f3n escolar socioecon\u00f3mica y la distribuci\u00f3n del ingreso. Las diferencias en las calidades y los costos de las escuelas hacen que el proceso din\u00e1mico converja a una sociedad extremadamente polarizada, autoperpetuando la desigualdad.","og_url":"https:\/\/aaep.org.ar\/?p=5932","og_site_name":"Asociaci\u00f3n Argentina de Econom\u00eda Pol\u00edtica","article_published_time":"2023-03-03T15:54:20+00:00","article_modified_time":"2023-03-03T15:54:23+00:00","author":"aaepolitica","twitter_card":"summary_large_image","twitter_creator":"@aaepoficial","twitter_site":"@aaepoficial","twitter_misc":{"Escrito por":"aaepolitica"},"schema":{"@context":"https:\/\/schema.org","@graph":[{"@type":"Article","@id":"https:\/\/aaep.org.ar\/?p=5932#article","isPartOf":{"@id":"https:\/\/aaep.org.ar\/?p=5932"},"author":{"name":"aaepolitica","@id":"https:\/\/aaep.org.ar\/#\/schema\/person\/7150b747ba20875259c74b2cd177316c"},"headline":"Segregaci\u00f3n escolar socioecon\u00f3mica: Un modelo din\u00e1mico","datePublished":"2023-03-03T15:54:20+00:00","dateModified":"2023-03-03T15:54:23+00:00","mainEntityOfPage":{"@id":"https:\/\/aaep.org.ar\/?p=5932"},"wordCount":24,"publisher":{"@id":"https:\/\/aaep.org.ar\/#organization"},"keywords":["AAEP Anales 2022"],"articleSection":["Anales"],"inLanguage":"es"},{"@type":"WebPage","@id":"https:\/\/aaep.org.ar\/?p=5932","url":"https:\/\/aaep.org.ar\/?p=5932","name":"Segregaci\u00f3n escolar socioecon\u00f3mica: Un modelo din\u00e1mico - Asociaci\u00f3n Argentina de Econom\u00eda Pol\u00edtica","isPartOf":{"@id":"https:\/\/aaep.org.ar\/#website"},"datePublished":"2023-03-03T15:54:20+00:00","dateModified":"2023-03-03T15:54:23+00:00","breadcrumb":{"@id":"https:\/\/aaep.org.ar\/?p=5932#breadcrumb"},"inLanguage":"es","potentialAction":[{"@type":"ReadAction","target":["https:\/\/aaep.org.ar\/?p=5932"]}]},{"@type":"BreadcrumbList","@id":"https:\/\/aaep.org.ar\/?p=5932#breadcrumb","itemListElement":[{"@type":"ListItem","position":1,"name":"Portada","item":"https:\/\/aaep.org.ar\/"},{"@type":"ListItem","position":2,"name":"Segregaci\u00f3n escolar socioecon\u00f3mica: Un modelo din\u00e1mico"}]},{"@type":"WebSite","@id":"https:\/\/aaep.org.ar\/#website","url":"https:\/\/aaep.org.ar\/","name":"Asociaci\u00f3n Argentina de Econom\u00eda Pol\u00edtica","description":"Asociaci\u00f3n Argentina de Econom\u00eda Pol\u00edtica","publisher":{"@id":"https:\/\/aaep.org.ar\/#organization"},"potentialAction":[{"@type":"SearchAction","target":{"@type":"EntryPoint","urlTemplate":"https:\/\/aaep.org.ar\/?s={search_term_string}"},"query-input":{"@type":"PropertyValueSpecification","valueRequired":true,"valueName":"search_term_string"}}],"inLanguage":"es"},{"@type":"Organization","@id":"https:\/\/aaep.org.ar\/#organization","name":"Asociaci\u00f3n Argentina de Econom\u00eda Pol\u00edtica","url":"https:\/\/aaep.org.ar\/","logo":{"@type":"ImageObject","inLanguage":"es","@id":"https:\/\/aaep.org.ar\/#\/schema\/logo\/image\/","url":"https:\/\/aaep.org.ar\/wp-content\/uploads\/2022\/05\/cropped-aaep_logo.png","contentUrl":"https:\/\/aaep.org.ar\/wp-content\/uploads\/2022\/05\/cropped-aaep_logo.png","width":74,"height":49,"caption":"Asociaci\u00f3n Argentina de Econom\u00eda Pol\u00edtica"},"image":{"@id":"https:\/\/aaep.org.ar\/#\/schema\/logo\/image\/"},"sameAs":["https:\/\/x.com\/aaepoficial","https:\/\/www.instagram.com\/aaepoficial\/"]},{"@type":"Person","@id":"https:\/\/aaep.org.ar\/#\/schema\/person\/7150b747ba20875259c74b2cd177316c","name":"aaepolitica","image":{"@type":"ImageObject","inLanguage":"es","@id":"https:\/\/secure.gravatar.com\/avatar\/b4c835a24b26f7310194c9c19eee26567492d7a70e27fc0adad2d6b1983478c9?s=96&d=mm&r=g","url":"https:\/\/secure.gravatar.com\/avatar\/b4c835a24b26f7310194c9c19eee26567492d7a70e27fc0adad2d6b1983478c9?s=96&d=mm&r=g","contentUrl":"https:\/\/secure.gravatar.com\/avatar\/b4c835a24b26f7310194c9c19eee26567492d7a70e27fc0adad2d6b1983478c9?s=96&d=mm&r=g","caption":"aaepolitica"},"sameAs":["https:\/\/aaep.org.ar"]}]}},"_links":{"self":[{"href":"https:\/\/aaep.org.ar\/index.php?rest_route=\/wp\/v2\/posts\/5932","targetHints":{"allow":["GET"]}}],"collection":[{"href":"https:\/\/aaep.org.ar\/index.php?rest_route=\/wp\/v2\/posts"}],"about":[{"href":"https:\/\/aaep.org.ar\/index.php?rest_route=\/wp\/v2\/types\/post"}],"author":[{"embeddable":true,"href":"https:\/\/aaep.org.ar\/index.php?rest_route=\/wp\/v2\/users\/1"}],"replies":[{"embeddable":true,"href":"https:\/\/aaep.org.ar\/index.php?rest_route=%2Fwp%2Fv2%2Fcomments&post=5932"}],"version-history":[{"count":2,"href":"https:\/\/aaep.org.ar\/index.php?rest_route=\/wp\/v2\/posts\/5932\/revisions"}],"predecessor-version":[{"id":5934,"href":"https:\/\/aaep.org.ar\/index.php?rest_route=\/wp\/v2\/posts\/5932\/revisions\/5934"}],"wp:attachment":[{"href":"https:\/\/aaep.org.ar\/index.php?rest_route=%2Fwp%2Fv2%2Fmedia&parent=5932"}],"wp:term":[{"taxonomy":"category","embeddable":true,"href":"https:\/\/aaep.org.ar\/index.php?rest_route=%2Fwp%2Fv2%2Fcategories&post=5932"},{"taxonomy":"post_tag","embeddable":true,"href":"https:\/\/aaep.org.ar\/index.php?rest_route=%2Fwp%2Fv2%2Ftags&post=5932"}],"curies":[{"name":"wp","href":"https:\/\/api.w.org\/{rel}","templated":true}]}}