{"id":5950,"date":"2023-03-03T16:00:43","date_gmt":"2023-03-03T16:00:43","guid":{"rendered":"https:\/\/aaep.org.ar\/?p=5950"},"modified":"2023-03-03T16:00:46","modified_gmt":"2023-03-03T16:00:46","slug":"desigualdad-energetica-y-politicas-publicas-un-analisis-inicial-para-argentina","status":"publish","type":"post","link":"https:\/\/aaep.org.ar\/?p=5950","title":{"rendered":"Desigualdad energ\u00e9tica y pol\u00edticas p\u00fablicas: un an\u00e1lisis inicial para Argentina"},"content":{"rendered":"<iframe loading=\"lazy\" class=\"wonderplugin-pdf-iframe\" src=\"https:\/\/aaep.org.ar\/wp-content\/plugins\/wonderplugin-pdf-embed\/pdfjslight\/web\/viewer.html?v=2&file=https:\/\/aaep.org.ar\/works\/works2022\/22.pdf\" width=\"100%\" height=\"600px\" style=\"border:0;\"><\/iframe>\n","protected":false},"excerpt":{"rendered":"<p>\u00abEl presente trabajo analiza la desigualdad energ\u00e9tica en Argentina e intenta relacionar los hallazgos emp\u00edricos con una valoraci\u00f3n normativa de las pol\u00edticas p\u00fablicas vinculadas al sector energ\u00e9tico en los \u00faltimos a\u00f1os. Se trata de una primera aproximaci\u00f3n a este tema y se utiliza como fuente de informaci\u00f3n a la Engho 2017\/2018.<br \/>\nLa variable de inter\u00e9s es el gasto en energ\u00eda y su relaci\u00f3n con el ingreso per c\u00e1pita. La perspectiva del trabajo considera que las pol\u00edticas p\u00fablicas, mediante la modificaci\u00f3n de los incentivos, influyen en los diferentes gastos de los individuos entre los que se puede considerar al gasto energ\u00e9tico. A su vez, a los fines del trabajo se analiza de manera desagregada a las erogaciones en distintas fuentes de energ\u00eda, electricidad, gas natural distribuido por redes y envasado. Adicionalmente, debido a la concepci\u00f3n de privaci\u00f3n energ\u00e9tica tomada, se hace un an\u00e1lisis respecto al equipamiento del hogar y su relaci\u00f3n con el gasto energ\u00e9tico.<br \/>\nA nivel de resultados se encuentra que Argentina enfrenta una situaci\u00f3n de desigualdad energ\u00e9tica no s\u00f3lo en el gasto sino en el acceso a energ\u00eda y equipamiento. Asimismo, las variables energ\u00e9ticas analizadas evidencian una distribuci\u00f3n diferente a la distribuci\u00f3n del ingreso por hogar. Por lo tanto, basar pol\u00edticas energ\u00e9ticas de segmentaci\u00f3n tarifaria tomando a ingreso como proxy de bienestar podr\u00eda llevar a resultados distorsivos.\u00bb<\/p>\n","protected":false},"author":1,"featured_media":0,"comment_status":"closed","ping_status":"open","sticky":false,"template":"","format":"standard","meta":{"_acf_changed":false,"_coblocks_attr":"","_coblocks_dimensions":"","_coblocks_responsive_height":"","_coblocks_accordion_ie_support":"","footnotes":""},"categories":[29],"tags":[30],"class_list":["post-5950","post","type-post","status-publish","format-standard","hentry","category-anales","tag-aaep-anales-2022"],"acf":[],"yoast_head":"<!-- This site is optimized with the Yoast SEO plugin v28.3 - https:\/\/yoast.com\/product\/yoast-seo-wordpress\/ -->\n<title>Desigualdad energ\u00e9tica y pol\u00edticas p\u00fablicas: un an\u00e1lisis inicial para Argentina - Asociaci\u00f3n Argentina de Econom\u00eda Pol\u00edtica<\/title>\n<meta name=\"robots\" content=\"noindex, follow\" \/>\n<meta property=\"og:locale\" content=\"es_ES\" \/>\n<meta property=\"og:type\" content=\"article\" \/>\n<meta property=\"og:title\" content=\"Desigualdad energ\u00e9tica y pol\u00edticas p\u00fablicas: un an\u00e1lisis inicial para Argentina - Asociaci\u00f3n Argentina de Econom\u00eda Pol\u00edtica\" \/>\n<meta property=\"og:description\" content=\"&quot;El presente trabajo analiza la desigualdad energ\u00e9tica en Argentina e intenta relacionar los hallazgos emp\u00edricos con una valoraci\u00f3n normativa de las pol\u00edticas p\u00fablicas vinculadas al sector energ\u00e9tico en los \u00faltimos a\u00f1os. Se trata de una primera aproximaci\u00f3n a este tema y se utiliza como fuente de informaci\u00f3n a la Engho 2017\/2018. La variable de inter\u00e9s es el gasto en energ\u00eda y su relaci\u00f3n con el ingreso per c\u00e1pita. La perspectiva del trabajo considera que las pol\u00edticas p\u00fablicas, mediante la modificaci\u00f3n de los incentivos, influyen en los diferentes gastos de los individuos entre los que se puede considerar al gasto energ\u00e9tico. A su vez, a los fines del trabajo se analiza de manera desagregada a las erogaciones en distintas fuentes de energ\u00eda, electricidad, gas natural distribuido por redes y envasado. Adicionalmente, debido a la concepci\u00f3n de privaci\u00f3n energ\u00e9tica tomada, se hace un an\u00e1lisis respecto al equipamiento del hogar y su relaci\u00f3n con el gasto energ\u00e9tico. A nivel de resultados se encuentra que Argentina enfrenta una situaci\u00f3n de desigualdad energ\u00e9tica no s\u00f3lo en el gasto sino en el acceso a energ\u00eda y equipamiento. Asimismo, las variables energ\u00e9ticas analizadas evidencian una distribuci\u00f3n diferente a la distribuci\u00f3n del ingreso por hogar. Por lo tanto, basar pol\u00edticas energ\u00e9ticas de segmentaci\u00f3n tarifaria tomando a ingreso como proxy de bienestar podr\u00eda llevar a resultados distorsivos.&quot;\" \/>\n<meta property=\"og:url\" content=\"https:\/\/aaep.org.ar\/?p=5950\" \/>\n<meta property=\"og:site_name\" content=\"Asociaci\u00f3n Argentina de Econom\u00eda Pol\u00edtica\" \/>\n<meta property=\"article:published_time\" content=\"2023-03-03T16:00:43+00:00\" \/>\n<meta property=\"article:modified_time\" content=\"2023-03-03T16:00:46+00:00\" \/>\n<meta name=\"author\" content=\"aaepolitica\" \/>\n<meta name=\"twitter:card\" content=\"summary_large_image\" \/>\n<meta name=\"twitter:creator\" content=\"@aaepoficial\" \/>\n<meta name=\"twitter:site\" content=\"@aaepoficial\" \/>\n<meta name=\"twitter:label1\" content=\"Escrito por\" \/>\n\t<meta name=\"twitter:data1\" content=\"aaepolitica\" \/>\n<script type=\"application\/ld+json\" class=\"yoast-schema-graph\">{\"@context\":\"https:\\\/\\\/schema.org\",\"@graph\":[{\"@type\":\"Article\",\"@id\":\"https:\\\/\\\/aaep.org.ar\\\/?p=5950#article\",\"isPartOf\":{\"@id\":\"https:\\\/\\\/aaep.org.ar\\\/?p=5950\"},\"author\":{\"name\":\"aaepolitica\",\"@id\":\"https:\\\/\\\/aaep.org.ar\\\/#\\\/schema\\\/person\\\/7150b747ba20875259c74b2cd177316c\"},\"headline\":\"Desigualdad energ\u00e9tica y pol\u00edticas p\u00fablicas: un an\u00e1lisis inicial para Argentina\",\"datePublished\":\"2023-03-03T16:00:43+00:00\",\"dateModified\":\"2023-03-03T16:00:46+00:00\",\"mainEntityOfPage\":{\"@id\":\"https:\\\/\\\/aaep.org.ar\\\/?p=5950\"},\"wordCount\":29,\"publisher\":{\"@id\":\"https:\\\/\\\/aaep.org.ar\\\/#organization\"},\"keywords\":[\"AAEP Anales 2022\"],\"articleSection\":[\"Anales\"],\"inLanguage\":\"es\"},{\"@type\":\"WebPage\",\"@id\":\"https:\\\/\\\/aaep.org.ar\\\/?p=5950\",\"url\":\"https:\\\/\\\/aaep.org.ar\\\/?p=5950\",\"name\":\"Desigualdad energ\u00e9tica y pol\u00edticas p\u00fablicas: un an\u00e1lisis inicial para Argentina - Asociaci\u00f3n Argentina de Econom\u00eda Pol\u00edtica\",\"isPartOf\":{\"@id\":\"https:\\\/\\\/aaep.org.ar\\\/#website\"},\"datePublished\":\"2023-03-03T16:00:43+00:00\",\"dateModified\":\"2023-03-03T16:00:46+00:00\",\"breadcrumb\":{\"@id\":\"https:\\\/\\\/aaep.org.ar\\\/?p=5950#breadcrumb\"},\"inLanguage\":\"es\",\"potentialAction\":[{\"@type\":\"ReadAction\",\"target\":[\"https:\\\/\\\/aaep.org.ar\\\/?p=5950\"]}]},{\"@type\":\"BreadcrumbList\",\"@id\":\"https:\\\/\\\/aaep.org.ar\\\/?p=5950#breadcrumb\",\"itemListElement\":[{\"@type\":\"ListItem\",\"position\":1,\"name\":\"Portada\",\"item\":\"https:\\\/\\\/aaep.org.ar\\\/\"},{\"@type\":\"ListItem\",\"position\":2,\"name\":\"Desigualdad energ\u00e9tica y pol\u00edticas p\u00fablicas: un an\u00e1lisis inicial para Argentina\"}]},{\"@type\":\"WebSite\",\"@id\":\"https:\\\/\\\/aaep.org.ar\\\/#website\",\"url\":\"https:\\\/\\\/aaep.org.ar\\\/\",\"name\":\"Asociaci\u00f3n Argentina de Econom\u00eda Pol\u00edtica\",\"description\":\"Asociaci\u00f3n Argentina de Econom\u00eda Pol\u00edtica\",\"publisher\":{\"@id\":\"https:\\\/\\\/aaep.org.ar\\\/#organization\"},\"potentialAction\":[{\"@type\":\"SearchAction\",\"target\":{\"@type\":\"EntryPoint\",\"urlTemplate\":\"https:\\\/\\\/aaep.org.ar\\\/?s={search_term_string}\"},\"query-input\":{\"@type\":\"PropertyValueSpecification\",\"valueRequired\":true,\"valueName\":\"search_term_string\"}}],\"inLanguage\":\"es\"},{\"@type\":\"Organization\",\"@id\":\"https:\\\/\\\/aaep.org.ar\\\/#organization\",\"name\":\"Asociaci\u00f3n Argentina de Econom\u00eda Pol\u00edtica\",\"url\":\"https:\\\/\\\/aaep.org.ar\\\/\",\"logo\":{\"@type\":\"ImageObject\",\"inLanguage\":\"es\",\"@id\":\"https:\\\/\\\/aaep.org.ar\\\/#\\\/schema\\\/logo\\\/image\\\/\",\"url\":\"https:\\\/\\\/aaep.org.ar\\\/wp-content\\\/uploads\\\/2022\\\/05\\\/cropped-aaep_logo.png\",\"contentUrl\":\"https:\\\/\\\/aaep.org.ar\\\/wp-content\\\/uploads\\\/2022\\\/05\\\/cropped-aaep_logo.png\",\"width\":74,\"height\":49,\"caption\":\"Asociaci\u00f3n Argentina de Econom\u00eda Pol\u00edtica\"},\"image\":{\"@id\":\"https:\\\/\\\/aaep.org.ar\\\/#\\\/schema\\\/logo\\\/image\\\/\"},\"sameAs\":[\"https:\\\/\\\/x.com\\\/aaepoficial\",\"https:\\\/\\\/www.instagram.com\\\/aaepoficial\\\/\"]},{\"@type\":\"Person\",\"@id\":\"https:\\\/\\\/aaep.org.ar\\\/#\\\/schema\\\/person\\\/7150b747ba20875259c74b2cd177316c\",\"name\":\"aaepolitica\",\"image\":{\"@type\":\"ImageObject\",\"inLanguage\":\"es\",\"@id\":\"https:\\\/\\\/secure.gravatar.com\\\/avatar\\\/b4c835a24b26f7310194c9c19eee26567492d7a70e27fc0adad2d6b1983478c9?s=96&d=mm&r=g\",\"url\":\"https:\\\/\\\/secure.gravatar.com\\\/avatar\\\/b4c835a24b26f7310194c9c19eee26567492d7a70e27fc0adad2d6b1983478c9?s=96&d=mm&r=g\",\"contentUrl\":\"https:\\\/\\\/secure.gravatar.com\\\/avatar\\\/b4c835a24b26f7310194c9c19eee26567492d7a70e27fc0adad2d6b1983478c9?s=96&d=mm&r=g\",\"caption\":\"aaepolitica\"},\"sameAs\":[\"https:\\\/\\\/aaep.org.ar\"]}]}<\/script>\n<!-- \/ Yoast SEO plugin. -->","yoast_head_json":{"title":"Desigualdad energ\u00e9tica y pol\u00edticas p\u00fablicas: un an\u00e1lisis inicial para Argentina - Asociaci\u00f3n Argentina de Econom\u00eda Pol\u00edtica","robots":{"index":"noindex","follow":"follow"},"og_locale":"es_ES","og_type":"article","og_title":"Desigualdad energ\u00e9tica y pol\u00edticas p\u00fablicas: un an\u00e1lisis inicial para Argentina - Asociaci\u00f3n Argentina de Econom\u00eda Pol\u00edtica","og_description":"\"El presente trabajo analiza la desigualdad energ\u00e9tica en Argentina e intenta relacionar los hallazgos emp\u00edricos con una valoraci\u00f3n normativa de las pol\u00edticas p\u00fablicas vinculadas al sector energ\u00e9tico en los \u00faltimos a\u00f1os. Se trata de una primera aproximaci\u00f3n a este tema y se utiliza como fuente de informaci\u00f3n a la Engho 2017\/2018. La variable de inter\u00e9s es el gasto en energ\u00eda y su relaci\u00f3n con el ingreso per c\u00e1pita. La perspectiva del trabajo considera que las pol\u00edticas p\u00fablicas, mediante la modificaci\u00f3n de los incentivos, influyen en los diferentes gastos de los individuos entre los que se puede considerar al gasto energ\u00e9tico. A su vez, a los fines del trabajo se analiza de manera desagregada a las erogaciones en distintas fuentes de energ\u00eda, electricidad, gas natural distribuido por redes y envasado. Adicionalmente, debido a la concepci\u00f3n de privaci\u00f3n energ\u00e9tica tomada, se hace un an\u00e1lisis respecto al equipamiento del hogar y su relaci\u00f3n con el gasto energ\u00e9tico. A nivel de resultados se encuentra que Argentina enfrenta una situaci\u00f3n de desigualdad energ\u00e9tica no s\u00f3lo en el gasto sino en el acceso a energ\u00eda y equipamiento. Asimismo, las variables energ\u00e9ticas analizadas evidencian una distribuci\u00f3n diferente a la distribuci\u00f3n del ingreso por hogar. Por lo tanto, basar pol\u00edticas energ\u00e9ticas de segmentaci\u00f3n tarifaria tomando a ingreso como proxy de bienestar podr\u00eda llevar a resultados distorsivos.\"","og_url":"https:\/\/aaep.org.ar\/?p=5950","og_site_name":"Asociaci\u00f3n Argentina de Econom\u00eda Pol\u00edtica","article_published_time":"2023-03-03T16:00:43+00:00","article_modified_time":"2023-03-03T16:00:46+00:00","author":"aaepolitica","twitter_card":"summary_large_image","twitter_creator":"@aaepoficial","twitter_site":"@aaepoficial","twitter_misc":{"Escrito por":"aaepolitica"},"schema":{"@context":"https:\/\/schema.org","@graph":[{"@type":"Article","@id":"https:\/\/aaep.org.ar\/?p=5950#article","isPartOf":{"@id":"https:\/\/aaep.org.ar\/?p=5950"},"author":{"name":"aaepolitica","@id":"https:\/\/aaep.org.ar\/#\/schema\/person\/7150b747ba20875259c74b2cd177316c"},"headline":"Desigualdad energ\u00e9tica y pol\u00edticas p\u00fablicas: un an\u00e1lisis inicial para Argentina","datePublished":"2023-03-03T16:00:43+00:00","dateModified":"2023-03-03T16:00:46+00:00","mainEntityOfPage":{"@id":"https:\/\/aaep.org.ar\/?p=5950"},"wordCount":29,"publisher":{"@id":"https:\/\/aaep.org.ar\/#organization"},"keywords":["AAEP Anales 2022"],"articleSection":["Anales"],"inLanguage":"es"},{"@type":"WebPage","@id":"https:\/\/aaep.org.ar\/?p=5950","url":"https:\/\/aaep.org.ar\/?p=5950","name":"Desigualdad energ\u00e9tica y pol\u00edticas p\u00fablicas: un an\u00e1lisis inicial para Argentina - Asociaci\u00f3n Argentina de Econom\u00eda Pol\u00edtica","isPartOf":{"@id":"https:\/\/aaep.org.ar\/#website"},"datePublished":"2023-03-03T16:00:43+00:00","dateModified":"2023-03-03T16:00:46+00:00","breadcrumb":{"@id":"https:\/\/aaep.org.ar\/?p=5950#breadcrumb"},"inLanguage":"es","potentialAction":[{"@type":"ReadAction","target":["https:\/\/aaep.org.ar\/?p=5950"]}]},{"@type":"BreadcrumbList","@id":"https:\/\/aaep.org.ar\/?p=5950#breadcrumb","itemListElement":[{"@type":"ListItem","position":1,"name":"Portada","item":"https:\/\/aaep.org.ar\/"},{"@type":"ListItem","position":2,"name":"Desigualdad energ\u00e9tica y pol\u00edticas p\u00fablicas: un an\u00e1lisis inicial para Argentina"}]},{"@type":"WebSite","@id":"https:\/\/aaep.org.ar\/#website","url":"https:\/\/aaep.org.ar\/","name":"Asociaci\u00f3n Argentina de Econom\u00eda Pol\u00edtica","description":"Asociaci\u00f3n Argentina de Econom\u00eda Pol\u00edtica","publisher":{"@id":"https:\/\/aaep.org.ar\/#organization"},"potentialAction":[{"@type":"SearchAction","target":{"@type":"EntryPoint","urlTemplate":"https:\/\/aaep.org.ar\/?s={search_term_string}"},"query-input":{"@type":"PropertyValueSpecification","valueRequired":true,"valueName":"search_term_string"}}],"inLanguage":"es"},{"@type":"Organization","@id":"https:\/\/aaep.org.ar\/#organization","name":"Asociaci\u00f3n Argentina de Econom\u00eda Pol\u00edtica","url":"https:\/\/aaep.org.ar\/","logo":{"@type":"ImageObject","inLanguage":"es","@id":"https:\/\/aaep.org.ar\/#\/schema\/logo\/image\/","url":"https:\/\/aaep.org.ar\/wp-content\/uploads\/2022\/05\/cropped-aaep_logo.png","contentUrl":"https:\/\/aaep.org.ar\/wp-content\/uploads\/2022\/05\/cropped-aaep_logo.png","width":74,"height":49,"caption":"Asociaci\u00f3n Argentina de Econom\u00eda Pol\u00edtica"},"image":{"@id":"https:\/\/aaep.org.ar\/#\/schema\/logo\/image\/"},"sameAs":["https:\/\/x.com\/aaepoficial","https:\/\/www.instagram.com\/aaepoficial\/"]},{"@type":"Person","@id":"https:\/\/aaep.org.ar\/#\/schema\/person\/7150b747ba20875259c74b2cd177316c","name":"aaepolitica","image":{"@type":"ImageObject","inLanguage":"es","@id":"https:\/\/secure.gravatar.com\/avatar\/b4c835a24b26f7310194c9c19eee26567492d7a70e27fc0adad2d6b1983478c9?s=96&d=mm&r=g","url":"https:\/\/secure.gravatar.com\/avatar\/b4c835a24b26f7310194c9c19eee26567492d7a70e27fc0adad2d6b1983478c9?s=96&d=mm&r=g","contentUrl":"https:\/\/secure.gravatar.com\/avatar\/b4c835a24b26f7310194c9c19eee26567492d7a70e27fc0adad2d6b1983478c9?s=96&d=mm&r=g","caption":"aaepolitica"},"sameAs":["https:\/\/aaep.org.ar"]}]}},"_links":{"self":[{"href":"https:\/\/aaep.org.ar\/index.php?rest_route=\/wp\/v2\/posts\/5950","targetHints":{"allow":["GET"]}}],"collection":[{"href":"https:\/\/aaep.org.ar\/index.php?rest_route=\/wp\/v2\/posts"}],"about":[{"href":"https:\/\/aaep.org.ar\/index.php?rest_route=\/wp\/v2\/types\/post"}],"author":[{"embeddable":true,"href":"https:\/\/aaep.org.ar\/index.php?rest_route=\/wp\/v2\/users\/1"}],"replies":[{"embeddable":true,"href":"https:\/\/aaep.org.ar\/index.php?rest_route=%2Fwp%2Fv2%2Fcomments&post=5950"}],"version-history":[{"count":2,"href":"https:\/\/aaep.org.ar\/index.php?rest_route=\/wp\/v2\/posts\/5950\/revisions"}],"predecessor-version":[{"id":5952,"href":"https:\/\/aaep.org.ar\/index.php?rest_route=\/wp\/v2\/posts\/5950\/revisions\/5952"}],"wp:attachment":[{"href":"https:\/\/aaep.org.ar\/index.php?rest_route=%2Fwp%2Fv2%2Fmedia&parent=5950"}],"wp:term":[{"taxonomy":"category","embeddable":true,"href":"https:\/\/aaep.org.ar\/index.php?rest_route=%2Fwp%2Fv2%2Fcategories&post=5950"},{"taxonomy":"post_tag","embeddable":true,"href":"https:\/\/aaep.org.ar\/index.php?rest_route=%2Fwp%2Fv2%2Ftags&post=5950"}],"curies":[{"name":"wp","href":"https:\/\/api.w.org\/{rel}","templated":true}]}}