{"id":7145,"date":"2023-12-05T21:02:39","date_gmt":"2023-12-05T21:02:39","guid":{"rendered":"https:\/\/aaep.org.ar\/?p=7145"},"modified":"2023-12-05T21:02:41","modified_gmt":"2023-12-05T21:02:41","slug":"todo-esta-guardado-en-la-memoria-el-efecto-de-la-violencia-de-estado-en-argentina-version-preliminar","status":"publish","type":"post","link":"https:\/\/aaep.org.ar\/?p=7145","title":{"rendered":"Todo est\u00e1 guardado en la memoria: el efecto de la violencia de estado en Argentina (Versi\u00f3n preliminar)"},"content":{"rendered":"<iframe loading=\"lazy\" class=\"wonderplugin-pdf-iframe\" src=\"https:\/\/aaep.org.ar\/wp-content\/plugins\/wonderplugin-pdf-embed\/pdfjslight\/web\/viewer.html?v=2&file=https:\/\/aaep.org.ar\/works\/works2023\/4648.pdf\" width=\"100%\" height=\"600px\" style=\"border:0;\"><\/iframe>\n\n\n\n<p><\/p>\n","protected":false},"excerpt":{"rendered":"<p>Durante 1973 a 1984 Argentina atraves\u00f3 lo que ser \u00b4ia la etapa m \u00b4as violenta de su historia. A lo largo de las ultimas d\u00e9cadas las ciencias sociales han afirmado que esta experiencia ha tenido efectos persistentes sobre la sociedad argentina, pero al d \u00b4ia de hoy no se encuentran trabajos que puedan dar un fuerte sustento emp\u00edrico a esta afirmaci\u00f3n. El presente trabajo tiene como objetivo llenar ese espacio en la literatura, mostrando que el caso Argentino es abordable desde un punto de vista emp\u00edrico, dando una puntapi\u00e9 inicial para futuros trabajos. Finalmente, este trabajo estima el efecto de las llamadas \u201dBaldosas por la memoria\u201d sobre la din\u00e1mica electoral. Este trabajo corresponde a una versi\u00f3n preliminar.<\/p>\n","protected":false},"author":1,"featured_media":0,"comment_status":"closed","ping_status":"open","sticky":false,"template":"","format":"standard","meta":{"_acf_changed":false,"_coblocks_attr":"","_coblocks_dimensions":"","_coblocks_responsive_height":"","_coblocks_accordion_ie_support":"","footnotes":""},"categories":[29],"tags":[31],"class_list":["post-7145","post","type-post","status-publish","format-standard","hentry","category-anales","tag-aaep-anales-2023"],"acf":[],"yoast_head":"<!-- This site is optimized with the Yoast SEO plugin v27.5 - https:\/\/yoast.com\/product\/yoast-seo-wordpress\/ -->\n<title>Todo est\u00e1 guardado en la memoria: el efecto de la violencia de estado en Argentina (Versi\u00f3n preliminar) - Asociaci\u00f3n Argentina de Econom\u00eda Pol\u00edtica<\/title>\n<meta name=\"robots\" content=\"noindex, follow\" \/>\n<meta property=\"og:locale\" content=\"es_ES\" \/>\n<meta property=\"og:type\" content=\"article\" \/>\n<meta property=\"og:title\" content=\"Todo est\u00e1 guardado en la memoria: el efecto de la violencia de estado en Argentina (Versi\u00f3n preliminar) - Asociaci\u00f3n Argentina de Econom\u00eda Pol\u00edtica\" \/>\n<meta property=\"og:description\" content=\"Durante 1973 a 1984 Argentina atraves\u00f3 lo que ser \u00b4ia la etapa m \u00b4as violenta de su historia. A lo largo de las ultimas d\u00e9cadas las ciencias sociales han afirmado que esta experiencia ha tenido efectos persistentes sobre la sociedad argentina, pero al d \u00b4ia de hoy no se encuentran trabajos que puedan dar un fuerte sustento emp\u00edrico a esta afirmaci\u00f3n. El presente trabajo tiene como objetivo llenar ese espacio en la literatura, mostrando que el caso Argentino es abordable desde un punto de vista emp\u00edrico, dando una puntapi\u00e9 inicial para futuros trabajos. Finalmente, este trabajo estima el efecto de las llamadas \u201dBaldosas por la memoria\u201d sobre la din\u00e1mica electoral. Este trabajo corresponde a una versi\u00f3n preliminar.\" \/>\n<meta property=\"og:url\" content=\"https:\/\/aaep.org.ar\/?p=7145\" \/>\n<meta property=\"og:site_name\" content=\"Asociaci\u00f3n Argentina de Econom\u00eda Pol\u00edtica\" \/>\n<meta property=\"article:published_time\" content=\"2023-12-05T21:02:39+00:00\" \/>\n<meta property=\"article:modified_time\" content=\"2023-12-05T21:02:41+00:00\" \/>\n<meta name=\"author\" content=\"aaepolitica\" \/>\n<meta name=\"twitter:card\" content=\"summary_large_image\" \/>\n<meta name=\"twitter:creator\" content=\"@aaepoficial\" \/>\n<meta name=\"twitter:site\" content=\"@aaepoficial\" \/>\n<meta name=\"twitter:label1\" content=\"Escrito por\" \/>\n\t<meta name=\"twitter:data1\" content=\"aaepolitica\" \/>\n<script type=\"application\/ld+json\" class=\"yoast-schema-graph\">{\"@context\":\"https:\\\/\\\/schema.org\",\"@graph\":[{\"@type\":\"Article\",\"@id\":\"https:\\\/\\\/aaep.org.ar\\\/?p=7145#article\",\"isPartOf\":{\"@id\":\"https:\\\/\\\/aaep.org.ar\\\/?p=7145\"},\"author\":{\"name\":\"aaepolitica\",\"@id\":\"https:\\\/\\\/aaep.org.ar\\\/#\\\/schema\\\/person\\\/7150b747ba20875259c74b2cd177316c\"},\"headline\":\"Todo est\u00e1 guardado en la memoria: el efecto de la violencia de estado en Argentina (Versi\u00f3n preliminar)\",\"datePublished\":\"2023-12-05T21:02:39+00:00\",\"dateModified\":\"2023-12-05T21:02:41+00:00\",\"mainEntityOfPage\":{\"@id\":\"https:\\\/\\\/aaep.org.ar\\\/?p=7145\"},\"wordCount\":33,\"publisher\":{\"@id\":\"https:\\\/\\\/aaep.org.ar\\\/#organization\"},\"keywords\":[\"AAEP Anales 2023\"],\"articleSection\":[\"Anales\"],\"inLanguage\":\"es\"},{\"@type\":\"WebPage\",\"@id\":\"https:\\\/\\\/aaep.org.ar\\\/?p=7145\",\"url\":\"https:\\\/\\\/aaep.org.ar\\\/?p=7145\",\"name\":\"Todo est\u00e1 guardado en la memoria: el efecto de la violencia de estado en Argentina (Versi\u00f3n preliminar) - Asociaci\u00f3n Argentina de Econom\u00eda Pol\u00edtica\",\"isPartOf\":{\"@id\":\"https:\\\/\\\/aaep.org.ar\\\/#website\"},\"datePublished\":\"2023-12-05T21:02:39+00:00\",\"dateModified\":\"2023-12-05T21:02:41+00:00\",\"breadcrumb\":{\"@id\":\"https:\\\/\\\/aaep.org.ar\\\/?p=7145#breadcrumb\"},\"inLanguage\":\"es\",\"potentialAction\":[{\"@type\":\"ReadAction\",\"target\":[\"https:\\\/\\\/aaep.org.ar\\\/?p=7145\"]}]},{\"@type\":\"BreadcrumbList\",\"@id\":\"https:\\\/\\\/aaep.org.ar\\\/?p=7145#breadcrumb\",\"itemListElement\":[{\"@type\":\"ListItem\",\"position\":1,\"name\":\"Portada\",\"item\":\"https:\\\/\\\/aaep.org.ar\\\/\"},{\"@type\":\"ListItem\",\"position\":2,\"name\":\"Todo est\u00e1 guardado en la memoria: el efecto de la violencia de estado en Argentina (Versi\u00f3n preliminar)\"}]},{\"@type\":\"WebSite\",\"@id\":\"https:\\\/\\\/aaep.org.ar\\\/#website\",\"url\":\"https:\\\/\\\/aaep.org.ar\\\/\",\"name\":\"Asociaci\u00f3n Argentina de Econom\u00eda Pol\u00edtica\",\"description\":\"Asociaci\u00f3n Argentina de Econom\u00eda Pol\u00edtica\",\"publisher\":{\"@id\":\"https:\\\/\\\/aaep.org.ar\\\/#organization\"},\"potentialAction\":[{\"@type\":\"SearchAction\",\"target\":{\"@type\":\"EntryPoint\",\"urlTemplate\":\"https:\\\/\\\/aaep.org.ar\\\/?s={search_term_string}\"},\"query-input\":{\"@type\":\"PropertyValueSpecification\",\"valueRequired\":true,\"valueName\":\"search_term_string\"}}],\"inLanguage\":\"es\"},{\"@type\":\"Organization\",\"@id\":\"https:\\\/\\\/aaep.org.ar\\\/#organization\",\"name\":\"Asociaci\u00f3n Argentina de Econom\u00eda Pol\u00edtica\",\"url\":\"https:\\\/\\\/aaep.org.ar\\\/\",\"logo\":{\"@type\":\"ImageObject\",\"inLanguage\":\"es\",\"@id\":\"https:\\\/\\\/aaep.org.ar\\\/#\\\/schema\\\/logo\\\/image\\\/\",\"url\":\"https:\\\/\\\/aaep.org.ar\\\/wp-content\\\/uploads\\\/2022\\\/05\\\/cropped-aaep_logo.png\",\"contentUrl\":\"https:\\\/\\\/aaep.org.ar\\\/wp-content\\\/uploads\\\/2022\\\/05\\\/cropped-aaep_logo.png\",\"width\":74,\"height\":49,\"caption\":\"Asociaci\u00f3n Argentina de Econom\u00eda Pol\u00edtica\"},\"image\":{\"@id\":\"https:\\\/\\\/aaep.org.ar\\\/#\\\/schema\\\/logo\\\/image\\\/\"},\"sameAs\":[\"https:\\\/\\\/x.com\\\/aaepoficial\",\"https:\\\/\\\/www.instagram.com\\\/aaepoficial\\\/\"]},{\"@type\":\"Person\",\"@id\":\"https:\\\/\\\/aaep.org.ar\\\/#\\\/schema\\\/person\\\/7150b747ba20875259c74b2cd177316c\",\"name\":\"aaepolitica\",\"image\":{\"@type\":\"ImageObject\",\"inLanguage\":\"es\",\"@id\":\"https:\\\/\\\/secure.gravatar.com\\\/avatar\\\/b4c835a24b26f7310194c9c19eee26567492d7a70e27fc0adad2d6b1983478c9?s=96&d=mm&r=g\",\"url\":\"https:\\\/\\\/secure.gravatar.com\\\/avatar\\\/b4c835a24b26f7310194c9c19eee26567492d7a70e27fc0adad2d6b1983478c9?s=96&d=mm&r=g\",\"contentUrl\":\"https:\\\/\\\/secure.gravatar.com\\\/avatar\\\/b4c835a24b26f7310194c9c19eee26567492d7a70e27fc0adad2d6b1983478c9?s=96&d=mm&r=g\",\"caption\":\"aaepolitica\"},\"sameAs\":[\"https:\\\/\\\/aaep.org.ar\"]}]}<\/script>\n<!-- \/ Yoast SEO plugin. -->","yoast_head_json":{"title":"Todo est\u00e1 guardado en la memoria: el efecto de la violencia de estado en Argentina (Versi\u00f3n preliminar) - Asociaci\u00f3n Argentina de Econom\u00eda Pol\u00edtica","robots":{"index":"noindex","follow":"follow"},"og_locale":"es_ES","og_type":"article","og_title":"Todo est\u00e1 guardado en la memoria: el efecto de la violencia de estado en Argentina (Versi\u00f3n preliminar) - Asociaci\u00f3n Argentina de Econom\u00eda Pol\u00edtica","og_description":"Durante 1973 a 1984 Argentina atraves\u00f3 lo que ser \u00b4ia la etapa m \u00b4as violenta de su historia. A lo largo de las ultimas d\u00e9cadas las ciencias sociales han afirmado que esta experiencia ha tenido efectos persistentes sobre la sociedad argentina, pero al d \u00b4ia de hoy no se encuentran trabajos que puedan dar un fuerte sustento emp\u00edrico a esta afirmaci\u00f3n. El presente trabajo tiene como objetivo llenar ese espacio en la literatura, mostrando que el caso Argentino es abordable desde un punto de vista emp\u00edrico, dando una puntapi\u00e9 inicial para futuros trabajos. Finalmente, este trabajo estima el efecto de las llamadas \u201dBaldosas por la memoria\u201d sobre la din\u00e1mica electoral. Este trabajo corresponde a una versi\u00f3n preliminar.","og_url":"https:\/\/aaep.org.ar\/?p=7145","og_site_name":"Asociaci\u00f3n Argentina de Econom\u00eda Pol\u00edtica","article_published_time":"2023-12-05T21:02:39+00:00","article_modified_time":"2023-12-05T21:02:41+00:00","author":"aaepolitica","twitter_card":"summary_large_image","twitter_creator":"@aaepoficial","twitter_site":"@aaepoficial","twitter_misc":{"Escrito por":"aaepolitica"},"schema":{"@context":"https:\/\/schema.org","@graph":[{"@type":"Article","@id":"https:\/\/aaep.org.ar\/?p=7145#article","isPartOf":{"@id":"https:\/\/aaep.org.ar\/?p=7145"},"author":{"name":"aaepolitica","@id":"https:\/\/aaep.org.ar\/#\/schema\/person\/7150b747ba20875259c74b2cd177316c"},"headline":"Todo est\u00e1 guardado en la memoria: el efecto de la violencia de estado en Argentina (Versi\u00f3n preliminar)","datePublished":"2023-12-05T21:02:39+00:00","dateModified":"2023-12-05T21:02:41+00:00","mainEntityOfPage":{"@id":"https:\/\/aaep.org.ar\/?p=7145"},"wordCount":33,"publisher":{"@id":"https:\/\/aaep.org.ar\/#organization"},"keywords":["AAEP Anales 2023"],"articleSection":["Anales"],"inLanguage":"es"},{"@type":"WebPage","@id":"https:\/\/aaep.org.ar\/?p=7145","url":"https:\/\/aaep.org.ar\/?p=7145","name":"Todo est\u00e1 guardado en la memoria: el efecto de la violencia de estado en Argentina (Versi\u00f3n preliminar) - Asociaci\u00f3n Argentina de Econom\u00eda Pol\u00edtica","isPartOf":{"@id":"https:\/\/aaep.org.ar\/#website"},"datePublished":"2023-12-05T21:02:39+00:00","dateModified":"2023-12-05T21:02:41+00:00","breadcrumb":{"@id":"https:\/\/aaep.org.ar\/?p=7145#breadcrumb"},"inLanguage":"es","potentialAction":[{"@type":"ReadAction","target":["https:\/\/aaep.org.ar\/?p=7145"]}]},{"@type":"BreadcrumbList","@id":"https:\/\/aaep.org.ar\/?p=7145#breadcrumb","itemListElement":[{"@type":"ListItem","position":1,"name":"Portada","item":"https:\/\/aaep.org.ar\/"},{"@type":"ListItem","position":2,"name":"Todo est\u00e1 guardado en la memoria: el efecto de la violencia de estado en Argentina (Versi\u00f3n preliminar)"}]},{"@type":"WebSite","@id":"https:\/\/aaep.org.ar\/#website","url":"https:\/\/aaep.org.ar\/","name":"Asociaci\u00f3n Argentina de Econom\u00eda Pol\u00edtica","description":"Asociaci\u00f3n Argentina de Econom\u00eda Pol\u00edtica","publisher":{"@id":"https:\/\/aaep.org.ar\/#organization"},"potentialAction":[{"@type":"SearchAction","target":{"@type":"EntryPoint","urlTemplate":"https:\/\/aaep.org.ar\/?s={search_term_string}"},"query-input":{"@type":"PropertyValueSpecification","valueRequired":true,"valueName":"search_term_string"}}],"inLanguage":"es"},{"@type":"Organization","@id":"https:\/\/aaep.org.ar\/#organization","name":"Asociaci\u00f3n Argentina de Econom\u00eda Pol\u00edtica","url":"https:\/\/aaep.org.ar\/","logo":{"@type":"ImageObject","inLanguage":"es","@id":"https:\/\/aaep.org.ar\/#\/schema\/logo\/image\/","url":"https:\/\/aaep.org.ar\/wp-content\/uploads\/2022\/05\/cropped-aaep_logo.png","contentUrl":"https:\/\/aaep.org.ar\/wp-content\/uploads\/2022\/05\/cropped-aaep_logo.png","width":74,"height":49,"caption":"Asociaci\u00f3n Argentina de Econom\u00eda Pol\u00edtica"},"image":{"@id":"https:\/\/aaep.org.ar\/#\/schema\/logo\/image\/"},"sameAs":["https:\/\/x.com\/aaepoficial","https:\/\/www.instagram.com\/aaepoficial\/"]},{"@type":"Person","@id":"https:\/\/aaep.org.ar\/#\/schema\/person\/7150b747ba20875259c74b2cd177316c","name":"aaepolitica","image":{"@type":"ImageObject","inLanguage":"es","@id":"https:\/\/secure.gravatar.com\/avatar\/b4c835a24b26f7310194c9c19eee26567492d7a70e27fc0adad2d6b1983478c9?s=96&d=mm&r=g","url":"https:\/\/secure.gravatar.com\/avatar\/b4c835a24b26f7310194c9c19eee26567492d7a70e27fc0adad2d6b1983478c9?s=96&d=mm&r=g","contentUrl":"https:\/\/secure.gravatar.com\/avatar\/b4c835a24b26f7310194c9c19eee26567492d7a70e27fc0adad2d6b1983478c9?s=96&d=mm&r=g","caption":"aaepolitica"},"sameAs":["https:\/\/aaep.org.ar"]}]}},"_links":{"self":[{"href":"https:\/\/aaep.org.ar\/index.php?rest_route=\/wp\/v2\/posts\/7145","targetHints":{"allow":["GET"]}}],"collection":[{"href":"https:\/\/aaep.org.ar\/index.php?rest_route=\/wp\/v2\/posts"}],"about":[{"href":"https:\/\/aaep.org.ar\/index.php?rest_route=\/wp\/v2\/types\/post"}],"author":[{"embeddable":true,"href":"https:\/\/aaep.org.ar\/index.php?rest_route=\/wp\/v2\/users\/1"}],"replies":[{"embeddable":true,"href":"https:\/\/aaep.org.ar\/index.php?rest_route=%2Fwp%2Fv2%2Fcomments&post=7145"}],"version-history":[{"count":2,"href":"https:\/\/aaep.org.ar\/index.php?rest_route=\/wp\/v2\/posts\/7145\/revisions"}],"predecessor-version":[{"id":7147,"href":"https:\/\/aaep.org.ar\/index.php?rest_route=\/wp\/v2\/posts\/7145\/revisions\/7147"}],"wp:attachment":[{"href":"https:\/\/aaep.org.ar\/index.php?rest_route=%2Fwp%2Fv2%2Fmedia&parent=7145"}],"wp:term":[{"taxonomy":"category","embeddable":true,"href":"https:\/\/aaep.org.ar\/index.php?rest_route=%2Fwp%2Fv2%2Fcategories&post=7145"},{"taxonomy":"post_tag","embeddable":true,"href":"https:\/\/aaep.org.ar\/index.php?rest_route=%2Fwp%2Fv2%2Ftags&post=7145"}],"curies":[{"name":"wp","href":"https:\/\/api.w.org\/{rel}","templated":true}]}}