{"id":7193,"date":"2023-12-05T21:20:33","date_gmt":"2023-12-05T21:20:33","guid":{"rendered":"https:\/\/aaep.org.ar\/?p=7193"},"modified":"2023-12-05T21:20:35","modified_gmt":"2023-12-05T21:20:35","slug":"regresiones-sur-espaciales-analisis-espacio-temporal-del-empleo-sectorial-en-argentina","status":"publish","type":"post","link":"https:\/\/aaep.org.ar\/?p=7193","title":{"rendered":"Regresiones SUR Espaciales. An\u00e1lisis espacio-temporal del empleo sectorial en Argentina"},"content":{"rendered":"<iframe loading=\"lazy\" class=\"wonderplugin-pdf-iframe\" src=\"https:\/\/aaep.org.ar\/wp-content\/plugins\/wonderplugin-pdf-embed\/pdfjslight\/web\/viewer.html?v=2&file=https:\/\/aaep.org.ar\/works\/works2023\/4660.pdf\" width=\"100%\" height=\"600px\" style=\"border:0;\"><\/iframe>\n\n\n\n<p class=\"wp-block-paragraph\"><\/p>\n\n\n\n<p class=\"wp-block-paragraph\"><\/p>\n","protected":false},"excerpt":{"rendered":"<p>La creciente disponibilidad de datos multidimensionales que incluyen espacio y tiempo ha generado una alta demanda de herramientas espec\u00edficas, como las desarrolladas desde la econometr\u00eda espacial. En este trabajo revisamos los modelos SUR espaciales, pocos frecuentes en Econom\u00eda, para estimar modelos multiecuacionales complejos. Los SUR espaciales permiten analizar la estructura espacio-temporal m\u00e1s all\u00e1 de los modelos espaciales de datos de panel. Utilizando informaci\u00f3n a nivel sectorial del mercado laboral, agregada a nivel provincia y por periodos trimestrales previos y posteriores a la pandemia COVID-19, se ejemplifica la din\u00e1mica espacial entre sectores y la din\u00e1mica espacio-temporal intrasectorial. Nuestros resultados destacan que el empleo privado presenta una significativa pero heterog\u00e9nea dependencia espacial entre sectores y patrones de dependencia espacio-temporal con diferentes din\u00e1micas entre periodos previos y posteriores a la declaraci\u00f3n de la pandemia, particularmente en el sector agropecuario.<\/p>\n","protected":false},"author":1,"featured_media":0,"comment_status":"closed","ping_status":"open","sticky":false,"template":"","format":"standard","meta":{"_acf_changed":false,"_coblocks_attr":"","_coblocks_dimensions":"","_coblocks_responsive_height":"","_coblocks_accordion_ie_support":"","footnotes":""},"categories":[29],"tags":[31],"class_list":["post-7193","post","type-post","status-publish","format-standard","hentry","category-anales","tag-aaep-anales-2023"],"acf":[],"yoast_head":"<!-- This site is optimized with the Yoast SEO plugin v28.3 - https:\/\/yoast.com\/product\/yoast-seo-wordpress\/ -->\n<title>Regresiones SUR Espaciales. An\u00e1lisis espacio-temporal del empleo sectorial en Argentina - Asociaci\u00f3n Argentina de Econom\u00eda Pol\u00edtica<\/title>\n<meta name=\"robots\" content=\"noindex, follow\" \/>\n<meta property=\"og:locale\" content=\"es_ES\" \/>\n<meta property=\"og:type\" content=\"article\" \/>\n<meta property=\"og:title\" content=\"Regresiones SUR Espaciales. An\u00e1lisis espacio-temporal del empleo sectorial en Argentina - Asociaci\u00f3n Argentina de Econom\u00eda Pol\u00edtica\" \/>\n<meta property=\"og:description\" content=\"La creciente disponibilidad de datos multidimensionales que incluyen espacio y tiempo ha generado una alta demanda de herramientas espec\u00edficas, como las desarrolladas desde la econometr\u00eda espacial. En este trabajo revisamos los modelos SUR espaciales, pocos frecuentes en Econom\u00eda, para estimar modelos multiecuacionales complejos. Los SUR espaciales permiten analizar la estructura espacio-temporal m\u00e1s all\u00e1 de los modelos espaciales de datos de panel. Utilizando informaci\u00f3n a nivel sectorial del mercado laboral, agregada a nivel provincia y por periodos trimestrales previos y posteriores a la pandemia COVID-19, se ejemplifica la din\u00e1mica espacial entre sectores y la din\u00e1mica espacio-temporal intrasectorial. Nuestros resultados destacan que el empleo privado presenta una significativa pero heterog\u00e9nea dependencia espacial entre sectores y patrones de dependencia espacio-temporal con diferentes din\u00e1micas entre periodos previos y posteriores a la declaraci\u00f3n de la pandemia, particularmente en el sector agropecuario.\" \/>\n<meta property=\"og:url\" content=\"https:\/\/aaep.org.ar\/?p=7193\" \/>\n<meta property=\"og:site_name\" content=\"Asociaci\u00f3n Argentina de Econom\u00eda Pol\u00edtica\" \/>\n<meta property=\"article:published_time\" content=\"2023-12-05T21:20:33+00:00\" \/>\n<meta property=\"article:modified_time\" content=\"2023-12-05T21:20:35+00:00\" \/>\n<meta name=\"author\" content=\"aaepolitica\" \/>\n<meta name=\"twitter:card\" content=\"summary_large_image\" \/>\n<meta name=\"twitter:creator\" content=\"@aaepoficial\" \/>\n<meta name=\"twitter:site\" content=\"@aaepoficial\" \/>\n<meta name=\"twitter:label1\" content=\"Escrito por\" \/>\n\t<meta name=\"twitter:data1\" content=\"aaepolitica\" \/>\n<script type=\"application\/ld+json\" class=\"yoast-schema-graph\">{\"@context\":\"https:\\\/\\\/schema.org\",\"@graph\":[{\"@type\":\"Article\",\"@id\":\"https:\\\/\\\/aaep.org.ar\\\/?p=7193#article\",\"isPartOf\":{\"@id\":\"https:\\\/\\\/aaep.org.ar\\\/?p=7193\"},\"author\":{\"name\":\"aaepolitica\",\"@id\":\"https:\\\/\\\/aaep.org.ar\\\/#\\\/schema\\\/person\\\/7150b747ba20875259c74b2cd177316c\"},\"headline\":\"Regresiones SUR Espaciales. An\u00e1lisis espacio-temporal del empleo sectorial en Argentina\",\"datePublished\":\"2023-12-05T21:20:33+00:00\",\"dateModified\":\"2023-12-05T21:20:35+00:00\",\"mainEntityOfPage\":{\"@id\":\"https:\\\/\\\/aaep.org.ar\\\/?p=7193\"},\"wordCount\":26,\"publisher\":{\"@id\":\"https:\\\/\\\/aaep.org.ar\\\/#organization\"},\"keywords\":[\"AAEP Anales 2023\"],\"articleSection\":[\"Anales\"],\"inLanguage\":\"es\"},{\"@type\":\"WebPage\",\"@id\":\"https:\\\/\\\/aaep.org.ar\\\/?p=7193\",\"url\":\"https:\\\/\\\/aaep.org.ar\\\/?p=7193\",\"name\":\"Regresiones SUR Espaciales. An\u00e1lisis espacio-temporal del empleo sectorial en Argentina - Asociaci\u00f3n Argentina de Econom\u00eda Pol\u00edtica\",\"isPartOf\":{\"@id\":\"https:\\\/\\\/aaep.org.ar\\\/#website\"},\"datePublished\":\"2023-12-05T21:20:33+00:00\",\"dateModified\":\"2023-12-05T21:20:35+00:00\",\"breadcrumb\":{\"@id\":\"https:\\\/\\\/aaep.org.ar\\\/?p=7193#breadcrumb\"},\"inLanguage\":\"es\",\"potentialAction\":[{\"@type\":\"ReadAction\",\"target\":[\"https:\\\/\\\/aaep.org.ar\\\/?p=7193\"]}]},{\"@type\":\"BreadcrumbList\",\"@id\":\"https:\\\/\\\/aaep.org.ar\\\/?p=7193#breadcrumb\",\"itemListElement\":[{\"@type\":\"ListItem\",\"position\":1,\"name\":\"Portada\",\"item\":\"https:\\\/\\\/aaep.org.ar\\\/\"},{\"@type\":\"ListItem\",\"position\":2,\"name\":\"Regresiones SUR Espaciales. An\u00e1lisis espacio-temporal del empleo sectorial en Argentina\"}]},{\"@type\":\"WebSite\",\"@id\":\"https:\\\/\\\/aaep.org.ar\\\/#website\",\"url\":\"https:\\\/\\\/aaep.org.ar\\\/\",\"name\":\"Asociaci\u00f3n Argentina de Econom\u00eda Pol\u00edtica\",\"description\":\"Asociaci\u00f3n Argentina de Econom\u00eda Pol\u00edtica\",\"publisher\":{\"@id\":\"https:\\\/\\\/aaep.org.ar\\\/#organization\"},\"potentialAction\":[{\"@type\":\"SearchAction\",\"target\":{\"@type\":\"EntryPoint\",\"urlTemplate\":\"https:\\\/\\\/aaep.org.ar\\\/?s={search_term_string}\"},\"query-input\":{\"@type\":\"PropertyValueSpecification\",\"valueRequired\":true,\"valueName\":\"search_term_string\"}}],\"inLanguage\":\"es\"},{\"@type\":\"Organization\",\"@id\":\"https:\\\/\\\/aaep.org.ar\\\/#organization\",\"name\":\"Asociaci\u00f3n Argentina de Econom\u00eda Pol\u00edtica\",\"url\":\"https:\\\/\\\/aaep.org.ar\\\/\",\"logo\":{\"@type\":\"ImageObject\",\"inLanguage\":\"es\",\"@id\":\"https:\\\/\\\/aaep.org.ar\\\/#\\\/schema\\\/logo\\\/image\\\/\",\"url\":\"https:\\\/\\\/aaep.org.ar\\\/wp-content\\\/uploads\\\/2022\\\/05\\\/cropped-aaep_logo.png\",\"contentUrl\":\"https:\\\/\\\/aaep.org.ar\\\/wp-content\\\/uploads\\\/2022\\\/05\\\/cropped-aaep_logo.png\",\"width\":74,\"height\":49,\"caption\":\"Asociaci\u00f3n Argentina de Econom\u00eda Pol\u00edtica\"},\"image\":{\"@id\":\"https:\\\/\\\/aaep.org.ar\\\/#\\\/schema\\\/logo\\\/image\\\/\"},\"sameAs\":[\"https:\\\/\\\/x.com\\\/aaepoficial\",\"https:\\\/\\\/www.instagram.com\\\/aaepoficial\\\/\"]},{\"@type\":\"Person\",\"@id\":\"https:\\\/\\\/aaep.org.ar\\\/#\\\/schema\\\/person\\\/7150b747ba20875259c74b2cd177316c\",\"name\":\"aaepolitica\",\"image\":{\"@type\":\"ImageObject\",\"inLanguage\":\"es\",\"@id\":\"https:\\\/\\\/secure.gravatar.com\\\/avatar\\\/b4c835a24b26f7310194c9c19eee26567492d7a70e27fc0adad2d6b1983478c9?s=96&d=mm&r=g\",\"url\":\"https:\\\/\\\/secure.gravatar.com\\\/avatar\\\/b4c835a24b26f7310194c9c19eee26567492d7a70e27fc0adad2d6b1983478c9?s=96&d=mm&r=g\",\"contentUrl\":\"https:\\\/\\\/secure.gravatar.com\\\/avatar\\\/b4c835a24b26f7310194c9c19eee26567492d7a70e27fc0adad2d6b1983478c9?s=96&d=mm&r=g\",\"caption\":\"aaepolitica\"},\"sameAs\":[\"https:\\\/\\\/aaep.org.ar\"]}]}<\/script>\n<!-- \/ Yoast SEO plugin. -->","yoast_head_json":{"title":"Regresiones SUR Espaciales. An\u00e1lisis espacio-temporal del empleo sectorial en Argentina - Asociaci\u00f3n Argentina de Econom\u00eda Pol\u00edtica","robots":{"index":"noindex","follow":"follow"},"og_locale":"es_ES","og_type":"article","og_title":"Regresiones SUR Espaciales. An\u00e1lisis espacio-temporal del empleo sectorial en Argentina - Asociaci\u00f3n Argentina de Econom\u00eda Pol\u00edtica","og_description":"La creciente disponibilidad de datos multidimensionales que incluyen espacio y tiempo ha generado una alta demanda de herramientas espec\u00edficas, como las desarrolladas desde la econometr\u00eda espacial. En este trabajo revisamos los modelos SUR espaciales, pocos frecuentes en Econom\u00eda, para estimar modelos multiecuacionales complejos. Los SUR espaciales permiten analizar la estructura espacio-temporal m\u00e1s all\u00e1 de los modelos espaciales de datos de panel. Utilizando informaci\u00f3n a nivel sectorial del mercado laboral, agregada a nivel provincia y por periodos trimestrales previos y posteriores a la pandemia COVID-19, se ejemplifica la din\u00e1mica espacial entre sectores y la din\u00e1mica espacio-temporal intrasectorial. Nuestros resultados destacan que el empleo privado presenta una significativa pero heterog\u00e9nea dependencia espacial entre sectores y patrones de dependencia espacio-temporal con diferentes din\u00e1micas entre periodos previos y posteriores a la declaraci\u00f3n de la pandemia, particularmente en el sector agropecuario.","og_url":"https:\/\/aaep.org.ar\/?p=7193","og_site_name":"Asociaci\u00f3n Argentina de Econom\u00eda Pol\u00edtica","article_published_time":"2023-12-05T21:20:33+00:00","article_modified_time":"2023-12-05T21:20:35+00:00","author":"aaepolitica","twitter_card":"summary_large_image","twitter_creator":"@aaepoficial","twitter_site":"@aaepoficial","twitter_misc":{"Escrito por":"aaepolitica"},"schema":{"@context":"https:\/\/schema.org","@graph":[{"@type":"Article","@id":"https:\/\/aaep.org.ar\/?p=7193#article","isPartOf":{"@id":"https:\/\/aaep.org.ar\/?p=7193"},"author":{"name":"aaepolitica","@id":"https:\/\/aaep.org.ar\/#\/schema\/person\/7150b747ba20875259c74b2cd177316c"},"headline":"Regresiones SUR Espaciales. An\u00e1lisis espacio-temporal del empleo sectorial en Argentina","datePublished":"2023-12-05T21:20:33+00:00","dateModified":"2023-12-05T21:20:35+00:00","mainEntityOfPage":{"@id":"https:\/\/aaep.org.ar\/?p=7193"},"wordCount":26,"publisher":{"@id":"https:\/\/aaep.org.ar\/#organization"},"keywords":["AAEP Anales 2023"],"articleSection":["Anales"],"inLanguage":"es"},{"@type":"WebPage","@id":"https:\/\/aaep.org.ar\/?p=7193","url":"https:\/\/aaep.org.ar\/?p=7193","name":"Regresiones SUR Espaciales. An\u00e1lisis espacio-temporal del empleo sectorial en Argentina - Asociaci\u00f3n Argentina de Econom\u00eda Pol\u00edtica","isPartOf":{"@id":"https:\/\/aaep.org.ar\/#website"},"datePublished":"2023-12-05T21:20:33+00:00","dateModified":"2023-12-05T21:20:35+00:00","breadcrumb":{"@id":"https:\/\/aaep.org.ar\/?p=7193#breadcrumb"},"inLanguage":"es","potentialAction":[{"@type":"ReadAction","target":["https:\/\/aaep.org.ar\/?p=7193"]}]},{"@type":"BreadcrumbList","@id":"https:\/\/aaep.org.ar\/?p=7193#breadcrumb","itemListElement":[{"@type":"ListItem","position":1,"name":"Portada","item":"https:\/\/aaep.org.ar\/"},{"@type":"ListItem","position":2,"name":"Regresiones SUR Espaciales. An\u00e1lisis espacio-temporal del empleo sectorial en Argentina"}]},{"@type":"WebSite","@id":"https:\/\/aaep.org.ar\/#website","url":"https:\/\/aaep.org.ar\/","name":"Asociaci\u00f3n Argentina de Econom\u00eda Pol\u00edtica","description":"Asociaci\u00f3n Argentina de Econom\u00eda Pol\u00edtica","publisher":{"@id":"https:\/\/aaep.org.ar\/#organization"},"potentialAction":[{"@type":"SearchAction","target":{"@type":"EntryPoint","urlTemplate":"https:\/\/aaep.org.ar\/?s={search_term_string}"},"query-input":{"@type":"PropertyValueSpecification","valueRequired":true,"valueName":"search_term_string"}}],"inLanguage":"es"},{"@type":"Organization","@id":"https:\/\/aaep.org.ar\/#organization","name":"Asociaci\u00f3n Argentina de Econom\u00eda Pol\u00edtica","url":"https:\/\/aaep.org.ar\/","logo":{"@type":"ImageObject","inLanguage":"es","@id":"https:\/\/aaep.org.ar\/#\/schema\/logo\/image\/","url":"https:\/\/aaep.org.ar\/wp-content\/uploads\/2022\/05\/cropped-aaep_logo.png","contentUrl":"https:\/\/aaep.org.ar\/wp-content\/uploads\/2022\/05\/cropped-aaep_logo.png","width":74,"height":49,"caption":"Asociaci\u00f3n Argentina de Econom\u00eda Pol\u00edtica"},"image":{"@id":"https:\/\/aaep.org.ar\/#\/schema\/logo\/image\/"},"sameAs":["https:\/\/x.com\/aaepoficial","https:\/\/www.instagram.com\/aaepoficial\/"]},{"@type":"Person","@id":"https:\/\/aaep.org.ar\/#\/schema\/person\/7150b747ba20875259c74b2cd177316c","name":"aaepolitica","image":{"@type":"ImageObject","inLanguage":"es","@id":"https:\/\/secure.gravatar.com\/avatar\/b4c835a24b26f7310194c9c19eee26567492d7a70e27fc0adad2d6b1983478c9?s=96&d=mm&r=g","url":"https:\/\/secure.gravatar.com\/avatar\/b4c835a24b26f7310194c9c19eee26567492d7a70e27fc0adad2d6b1983478c9?s=96&d=mm&r=g","contentUrl":"https:\/\/secure.gravatar.com\/avatar\/b4c835a24b26f7310194c9c19eee26567492d7a70e27fc0adad2d6b1983478c9?s=96&d=mm&r=g","caption":"aaepolitica"},"sameAs":["https:\/\/aaep.org.ar"]}]}},"_links":{"self":[{"href":"https:\/\/aaep.org.ar\/index.php?rest_route=\/wp\/v2\/posts\/7193","targetHints":{"allow":["GET"]}}],"collection":[{"href":"https:\/\/aaep.org.ar\/index.php?rest_route=\/wp\/v2\/posts"}],"about":[{"href":"https:\/\/aaep.org.ar\/index.php?rest_route=\/wp\/v2\/types\/post"}],"author":[{"embeddable":true,"href":"https:\/\/aaep.org.ar\/index.php?rest_route=\/wp\/v2\/users\/1"}],"replies":[{"embeddable":true,"href":"https:\/\/aaep.org.ar\/index.php?rest_route=%2Fwp%2Fv2%2Fcomments&post=7193"}],"version-history":[{"count":2,"href":"https:\/\/aaep.org.ar\/index.php?rest_route=\/wp\/v2\/posts\/7193\/revisions"}],"predecessor-version":[{"id":7195,"href":"https:\/\/aaep.org.ar\/index.php?rest_route=\/wp\/v2\/posts\/7193\/revisions\/7195"}],"wp:attachment":[{"href":"https:\/\/aaep.org.ar\/index.php?rest_route=%2Fwp%2Fv2%2Fmedia&parent=7193"}],"wp:term":[{"taxonomy":"category","embeddable":true,"href":"https:\/\/aaep.org.ar\/index.php?rest_route=%2Fwp%2Fv2%2Fcategories&post=7193"},{"taxonomy":"post_tag","embeddable":true,"href":"https:\/\/aaep.org.ar\/index.php?rest_route=%2Fwp%2Fv2%2Ftags&post=7193"}],"curies":[{"name":"wp","href":"https:\/\/api.w.org\/{rel}","templated":true}]}}