{"id":9109,"date":"2025-12-15T20:43:15","date_gmt":"2025-12-15T23:43:15","guid":{"rendered":"https:\/\/aaep.org.ar\/?p=9109"},"modified":"2025-12-15T20:43:17","modified_gmt":"2025-12-15T23:43:17","slug":"analisis-de-la-matriz-exportadora-de-america-latina-a-estados-unidos-estimacion-de-efectos-cuasi-heckscher-ohlin-y-cuasi-rybczinski2003-2019","status":"publish","type":"post","link":"https:\/\/aaep.org.ar\/?p=9109","title":{"rendered":"An\u00e1lisis de la matriz exportadora de Am\u00e9rica Latina a Estados Unidos: Estimaci\u00f3n de efectos Cuasi Heckscher-Ohlin y Cuasi Rybczinski(2003-2019)"},"content":{"rendered":"<iframe loading=\"lazy\" class=\"wonderplugin-pdf-iframe\" src=\"https:\/\/aaep.org.ar\/wp-content\/plugins\/wonderplugin-pdf-embed\/pdfjslight\/web\/viewer.html?v=2&file=https:\/\/aaep.org.ar\/works\/works2025\/22.pdf\" width=\"100%\" height=\"600px\" style=\"border:0;\"><\/iframe>\n\n\n\n<p><\/p>\n\n\n\n<p><\/p>\n","protected":false},"excerpt":{"rendered":"<p>Este trabajo investiga la din\u00e1mica de la matriz exportadora en Am\u00e9rica Latina durante el per\u00edodo 2003-2019, tomando como referencia el modelo de crecimiento de los \u00ab\u00bbmilagros asi\u00e1ticos\u00bb\u00bb. El estudio parte de la premisa de que la acumulaci\u00f3n de factores productivos, como el capital f\u00edsico y el trabajo calificado, impulsa un cambio en la estructura de exportaciones hacia bienes que utilizan estos factores de manera intensiva. Este proceso, enmarcado en los teoremas de Heckscher-Ohlin y Rybczynski, se considera un motor del crecimiento econ\u00f3mico sostenido.   Siguiendo la metodolog\u00eda de Romalis (2004), el an\u00e1lisis se centra en la relaci\u00f3n entre la acumulaci\u00f3n de factores en los pa\u00edses latinoamericanos y la estructura de sus exportaciones hacia Estados Unidos. A pesar de que los \u00ab\u00bbmilagros asi\u00e1ticos\u00bb\u00bb exhibieron un fuerte crecimiento impulsado por esta din\u00e1mica, los resultados de este trabajo sugieren que los pa\u00edses de Am\u00e9rica Latina no replicaron un proceso similar en el periodo estudiado.   El objetivo principal es evaluar la matriz exportadora de la regi\u00f3n y vincularla con la acumulaci\u00f3n de capital f\u00edsico y trabajo calificado. Esta evaluaci\u00f3n busca identificar posibles brechas y proponer pol\u00edticas p\u00fablicas que puedan fomentar el desarrollo econ\u00f3mico a trav\u00e9s de la exportaci\u00f3n de bienes de alto valor agregado a econom\u00edas desarrolladas.<\/p>\n","protected":false},"author":1,"featured_media":0,"comment_status":"closed","ping_status":"open","sticky":false,"template":"","format":"standard","meta":{"_acf_changed":false,"_coblocks_attr":"","_coblocks_dimensions":"","_coblocks_responsive_height":"","_coblocks_accordion_ie_support":"","footnotes":""},"categories":[29],"tags":[33],"class_list":["post-9109","post","type-post","status-publish","format-standard","hentry","category-anales","tag-aaep-anales-2025"],"acf":[],"yoast_head":"<!-- This site is optimized with the Yoast SEO plugin v27.5 - https:\/\/yoast.com\/product\/yoast-seo-wordpress\/ -->\n<title>An\u00e1lisis de la matriz exportadora de Am\u00e9rica Latina a Estados Unidos: Estimaci\u00f3n de efectos Cuasi Heckscher-Ohlin y Cuasi Rybczinski(2003-2019) - Asociaci\u00f3n Argentina de Econom\u00eda Pol\u00edtica<\/title>\n<meta name=\"robots\" content=\"noindex, follow\" \/>\n<meta property=\"og:locale\" content=\"es_ES\" \/>\n<meta property=\"og:type\" content=\"article\" \/>\n<meta property=\"og:title\" content=\"An\u00e1lisis de la matriz exportadora de Am\u00e9rica Latina a Estados Unidos: Estimaci\u00f3n de efectos Cuasi Heckscher-Ohlin y Cuasi Rybczinski(2003-2019) - Asociaci\u00f3n Argentina de Econom\u00eda Pol\u00edtica\" \/>\n<meta property=\"og:description\" content=\"Este trabajo investiga la din\u00e1mica de la matriz exportadora en Am\u00e9rica Latina durante el per\u00edodo 2003-2019, tomando como referencia el modelo de crecimiento de los &quot;&quot;milagros asi\u00e1ticos&quot;&quot;. El estudio parte de la premisa de que la acumulaci\u00f3n de factores productivos, como el capital f\u00edsico y el trabajo calificado, impulsa un cambio en la estructura de exportaciones hacia bienes que utilizan estos factores de manera intensiva. Este proceso, enmarcado en los teoremas de Heckscher-Ohlin y Rybczynski, se considera un motor del crecimiento econ\u00f3mico sostenido.  Siguiendo la metodolog\u00eda de Romalis (2004), el an\u00e1lisis se centra en la relaci\u00f3n entre la acumulaci\u00f3n de factores en los pa\u00edses latinoamericanos y la estructura de sus exportaciones hacia Estados Unidos. A pesar de que los &quot;&quot;milagros asi\u00e1ticos&quot;&quot; exhibieron un fuerte crecimiento impulsado por esta din\u00e1mica, los resultados de este trabajo sugieren que los pa\u00edses de Am\u00e9rica Latina no replicaron un proceso similar en el periodo estudiado.  El objetivo principal es evaluar la matriz exportadora de la regi\u00f3n y vincularla con la acumulaci\u00f3n de capital f\u00edsico y trabajo calificado. Esta evaluaci\u00f3n busca identificar posibles brechas y proponer pol\u00edticas p\u00fablicas que puedan fomentar el desarrollo econ\u00f3mico a trav\u00e9s de la exportaci\u00f3n de bienes de alto valor agregado a econom\u00edas desarrolladas.\" \/>\n<meta property=\"og:url\" content=\"https:\/\/aaep.org.ar\/?p=9109\" \/>\n<meta property=\"og:site_name\" content=\"Asociaci\u00f3n Argentina de Econom\u00eda Pol\u00edtica\" \/>\n<meta property=\"article:published_time\" content=\"2025-12-15T23:43:15+00:00\" \/>\n<meta property=\"article:modified_time\" content=\"2025-12-15T23:43:17+00:00\" \/>\n<meta name=\"author\" content=\"aaepolitica\" \/>\n<meta name=\"twitter:card\" content=\"summary_large_image\" \/>\n<meta name=\"twitter:creator\" content=\"@aaepoficial\" \/>\n<meta name=\"twitter:site\" content=\"@aaepoficial\" \/>\n<meta name=\"twitter:label1\" content=\"Escrito por\" \/>\n\t<meta name=\"twitter:data1\" content=\"aaepolitica\" \/>\n<script type=\"application\/ld+json\" class=\"yoast-schema-graph\">{\"@context\":\"https:\\\/\\\/schema.org\",\"@graph\":[{\"@type\":\"Article\",\"@id\":\"https:\\\/\\\/aaep.org.ar\\\/?p=9109#article\",\"isPartOf\":{\"@id\":\"https:\\\/\\\/aaep.org.ar\\\/?p=9109\"},\"author\":{\"name\":\"aaepolitica\",\"@id\":\"https:\\\/\\\/aaep.org.ar\\\/#\\\/schema\\\/person\\\/7150b747ba20875259c74b2cd177316c\"},\"headline\":\"An\u00e1lisis de la matriz exportadora de Am\u00e9rica Latina a Estados Unidos: Estimaci\u00f3n de efectos Cuasi Heckscher-Ohlin y Cuasi Rybczinski(2003-2019)\",\"datePublished\":\"2025-12-15T23:43:15+00:00\",\"dateModified\":\"2025-12-15T23:43:17+00:00\",\"mainEntityOfPage\":{\"@id\":\"https:\\\/\\\/aaep.org.ar\\\/?p=9109\"},\"wordCount\":38,\"publisher\":{\"@id\":\"https:\\\/\\\/aaep.org.ar\\\/#organization\"},\"keywords\":[\"AAEP Anales 2025\"],\"articleSection\":[\"Anales\"],\"inLanguage\":\"es\"},{\"@type\":\"WebPage\",\"@id\":\"https:\\\/\\\/aaep.org.ar\\\/?p=9109\",\"url\":\"https:\\\/\\\/aaep.org.ar\\\/?p=9109\",\"name\":\"An\u00e1lisis de la matriz exportadora de Am\u00e9rica Latina a Estados Unidos: Estimaci\u00f3n de efectos Cuasi Heckscher-Ohlin y Cuasi Rybczinski(2003-2019) - Asociaci\u00f3n Argentina de Econom\u00eda Pol\u00edtica\",\"isPartOf\":{\"@id\":\"https:\\\/\\\/aaep.org.ar\\\/#website\"},\"datePublished\":\"2025-12-15T23:43:15+00:00\",\"dateModified\":\"2025-12-15T23:43:17+00:00\",\"breadcrumb\":{\"@id\":\"https:\\\/\\\/aaep.org.ar\\\/?p=9109#breadcrumb\"},\"inLanguage\":\"es\",\"potentialAction\":[{\"@type\":\"ReadAction\",\"target\":[\"https:\\\/\\\/aaep.org.ar\\\/?p=9109\"]}]},{\"@type\":\"BreadcrumbList\",\"@id\":\"https:\\\/\\\/aaep.org.ar\\\/?p=9109#breadcrumb\",\"itemListElement\":[{\"@type\":\"ListItem\",\"position\":1,\"name\":\"Portada\",\"item\":\"https:\\\/\\\/aaep.org.ar\\\/\"},{\"@type\":\"ListItem\",\"position\":2,\"name\":\"An\u00e1lisis de la matriz exportadora de Am\u00e9rica Latina a Estados Unidos: Estimaci\u00f3n de efectos Cuasi Heckscher-Ohlin y Cuasi Rybczinski(2003-2019)\"}]},{\"@type\":\"WebSite\",\"@id\":\"https:\\\/\\\/aaep.org.ar\\\/#website\",\"url\":\"https:\\\/\\\/aaep.org.ar\\\/\",\"name\":\"Asociaci\u00f3n Argentina de Econom\u00eda Pol\u00edtica\",\"description\":\"Asociaci\u00f3n Argentina de Econom\u00eda Pol\u00edtica\",\"publisher\":{\"@id\":\"https:\\\/\\\/aaep.org.ar\\\/#organization\"},\"potentialAction\":[{\"@type\":\"SearchAction\",\"target\":{\"@type\":\"EntryPoint\",\"urlTemplate\":\"https:\\\/\\\/aaep.org.ar\\\/?s={search_term_string}\"},\"query-input\":{\"@type\":\"PropertyValueSpecification\",\"valueRequired\":true,\"valueName\":\"search_term_string\"}}],\"inLanguage\":\"es\"},{\"@type\":\"Organization\",\"@id\":\"https:\\\/\\\/aaep.org.ar\\\/#organization\",\"name\":\"Asociaci\u00f3n Argentina de Econom\u00eda Pol\u00edtica\",\"url\":\"https:\\\/\\\/aaep.org.ar\\\/\",\"logo\":{\"@type\":\"ImageObject\",\"inLanguage\":\"es\",\"@id\":\"https:\\\/\\\/aaep.org.ar\\\/#\\\/schema\\\/logo\\\/image\\\/\",\"url\":\"https:\\\/\\\/aaep.org.ar\\\/wp-content\\\/uploads\\\/2022\\\/05\\\/cropped-aaep_logo.png\",\"contentUrl\":\"https:\\\/\\\/aaep.org.ar\\\/wp-content\\\/uploads\\\/2022\\\/05\\\/cropped-aaep_logo.png\",\"width\":74,\"height\":49,\"caption\":\"Asociaci\u00f3n Argentina de Econom\u00eda Pol\u00edtica\"},\"image\":{\"@id\":\"https:\\\/\\\/aaep.org.ar\\\/#\\\/schema\\\/logo\\\/image\\\/\"},\"sameAs\":[\"https:\\\/\\\/x.com\\\/aaepoficial\",\"https:\\\/\\\/www.instagram.com\\\/aaepoficial\\\/\"]},{\"@type\":\"Person\",\"@id\":\"https:\\\/\\\/aaep.org.ar\\\/#\\\/schema\\\/person\\\/7150b747ba20875259c74b2cd177316c\",\"name\":\"aaepolitica\",\"image\":{\"@type\":\"ImageObject\",\"inLanguage\":\"es\",\"@id\":\"https:\\\/\\\/secure.gravatar.com\\\/avatar\\\/b4c835a24b26f7310194c9c19eee26567492d7a70e27fc0adad2d6b1983478c9?s=96&d=mm&r=g\",\"url\":\"https:\\\/\\\/secure.gravatar.com\\\/avatar\\\/b4c835a24b26f7310194c9c19eee26567492d7a70e27fc0adad2d6b1983478c9?s=96&d=mm&r=g\",\"contentUrl\":\"https:\\\/\\\/secure.gravatar.com\\\/avatar\\\/b4c835a24b26f7310194c9c19eee26567492d7a70e27fc0adad2d6b1983478c9?s=96&d=mm&r=g\",\"caption\":\"aaepolitica\"},\"sameAs\":[\"https:\\\/\\\/aaep.org.ar\"]}]}<\/script>\n<!-- \/ Yoast SEO plugin. -->","yoast_head_json":{"title":"An\u00e1lisis de la matriz exportadora de Am\u00e9rica Latina a Estados Unidos: Estimaci\u00f3n de efectos Cuasi Heckscher-Ohlin y Cuasi Rybczinski(2003-2019) - Asociaci\u00f3n Argentina de Econom\u00eda Pol\u00edtica","robots":{"index":"noindex","follow":"follow"},"og_locale":"es_ES","og_type":"article","og_title":"An\u00e1lisis de la matriz exportadora de Am\u00e9rica Latina a Estados Unidos: Estimaci\u00f3n de efectos Cuasi Heckscher-Ohlin y Cuasi Rybczinski(2003-2019) - Asociaci\u00f3n Argentina de Econom\u00eda Pol\u00edtica","og_description":"Este trabajo investiga la din\u00e1mica de la matriz exportadora en Am\u00e9rica Latina durante el per\u00edodo 2003-2019, tomando como referencia el modelo de crecimiento de los \"\"milagros asi\u00e1ticos\"\". El estudio parte de la premisa de que la acumulaci\u00f3n de factores productivos, como el capital f\u00edsico y el trabajo calificado, impulsa un cambio en la estructura de exportaciones hacia bienes que utilizan estos factores de manera intensiva. Este proceso, enmarcado en los teoremas de Heckscher-Ohlin y Rybczynski, se considera un motor del crecimiento econ\u00f3mico sostenido.  Siguiendo la metodolog\u00eda de Romalis (2004), el an\u00e1lisis se centra en la relaci\u00f3n entre la acumulaci\u00f3n de factores en los pa\u00edses latinoamericanos y la estructura de sus exportaciones hacia Estados Unidos. A pesar de que los \"\"milagros asi\u00e1ticos\"\" exhibieron un fuerte crecimiento impulsado por esta din\u00e1mica, los resultados de este trabajo sugieren que los pa\u00edses de Am\u00e9rica Latina no replicaron un proceso similar en el periodo estudiado.  El objetivo principal es evaluar la matriz exportadora de la regi\u00f3n y vincularla con la acumulaci\u00f3n de capital f\u00edsico y trabajo calificado. Esta evaluaci\u00f3n busca identificar posibles brechas y proponer pol\u00edticas p\u00fablicas que puedan fomentar el desarrollo econ\u00f3mico a trav\u00e9s de la exportaci\u00f3n de bienes de alto valor agregado a econom\u00edas desarrolladas.","og_url":"https:\/\/aaep.org.ar\/?p=9109","og_site_name":"Asociaci\u00f3n Argentina de Econom\u00eda Pol\u00edtica","article_published_time":"2025-12-15T23:43:15+00:00","article_modified_time":"2025-12-15T23:43:17+00:00","author":"aaepolitica","twitter_card":"summary_large_image","twitter_creator":"@aaepoficial","twitter_site":"@aaepoficial","twitter_misc":{"Escrito por":"aaepolitica"},"schema":{"@context":"https:\/\/schema.org","@graph":[{"@type":"Article","@id":"https:\/\/aaep.org.ar\/?p=9109#article","isPartOf":{"@id":"https:\/\/aaep.org.ar\/?p=9109"},"author":{"name":"aaepolitica","@id":"https:\/\/aaep.org.ar\/#\/schema\/person\/7150b747ba20875259c74b2cd177316c"},"headline":"An\u00e1lisis de la matriz exportadora de Am\u00e9rica Latina a Estados Unidos: Estimaci\u00f3n de efectos Cuasi Heckscher-Ohlin y Cuasi Rybczinski(2003-2019)","datePublished":"2025-12-15T23:43:15+00:00","dateModified":"2025-12-15T23:43:17+00:00","mainEntityOfPage":{"@id":"https:\/\/aaep.org.ar\/?p=9109"},"wordCount":38,"publisher":{"@id":"https:\/\/aaep.org.ar\/#organization"},"keywords":["AAEP Anales 2025"],"articleSection":["Anales"],"inLanguage":"es"},{"@type":"WebPage","@id":"https:\/\/aaep.org.ar\/?p=9109","url":"https:\/\/aaep.org.ar\/?p=9109","name":"An\u00e1lisis de la matriz exportadora de Am\u00e9rica Latina a Estados Unidos: Estimaci\u00f3n de efectos Cuasi Heckscher-Ohlin y Cuasi Rybczinski(2003-2019) - Asociaci\u00f3n Argentina de Econom\u00eda Pol\u00edtica","isPartOf":{"@id":"https:\/\/aaep.org.ar\/#website"},"datePublished":"2025-12-15T23:43:15+00:00","dateModified":"2025-12-15T23:43:17+00:00","breadcrumb":{"@id":"https:\/\/aaep.org.ar\/?p=9109#breadcrumb"},"inLanguage":"es","potentialAction":[{"@type":"ReadAction","target":["https:\/\/aaep.org.ar\/?p=9109"]}]},{"@type":"BreadcrumbList","@id":"https:\/\/aaep.org.ar\/?p=9109#breadcrumb","itemListElement":[{"@type":"ListItem","position":1,"name":"Portada","item":"https:\/\/aaep.org.ar\/"},{"@type":"ListItem","position":2,"name":"An\u00e1lisis de la matriz exportadora de Am\u00e9rica Latina a Estados Unidos: Estimaci\u00f3n de efectos Cuasi Heckscher-Ohlin y Cuasi Rybczinski(2003-2019)"}]},{"@type":"WebSite","@id":"https:\/\/aaep.org.ar\/#website","url":"https:\/\/aaep.org.ar\/","name":"Asociaci\u00f3n Argentina de Econom\u00eda Pol\u00edtica","description":"Asociaci\u00f3n Argentina de Econom\u00eda Pol\u00edtica","publisher":{"@id":"https:\/\/aaep.org.ar\/#organization"},"potentialAction":[{"@type":"SearchAction","target":{"@type":"EntryPoint","urlTemplate":"https:\/\/aaep.org.ar\/?s={search_term_string}"},"query-input":{"@type":"PropertyValueSpecification","valueRequired":true,"valueName":"search_term_string"}}],"inLanguage":"es"},{"@type":"Organization","@id":"https:\/\/aaep.org.ar\/#organization","name":"Asociaci\u00f3n Argentina de Econom\u00eda Pol\u00edtica","url":"https:\/\/aaep.org.ar\/","logo":{"@type":"ImageObject","inLanguage":"es","@id":"https:\/\/aaep.org.ar\/#\/schema\/logo\/image\/","url":"https:\/\/aaep.org.ar\/wp-content\/uploads\/2022\/05\/cropped-aaep_logo.png","contentUrl":"https:\/\/aaep.org.ar\/wp-content\/uploads\/2022\/05\/cropped-aaep_logo.png","width":74,"height":49,"caption":"Asociaci\u00f3n Argentina de Econom\u00eda Pol\u00edtica"},"image":{"@id":"https:\/\/aaep.org.ar\/#\/schema\/logo\/image\/"},"sameAs":["https:\/\/x.com\/aaepoficial","https:\/\/www.instagram.com\/aaepoficial\/"]},{"@type":"Person","@id":"https:\/\/aaep.org.ar\/#\/schema\/person\/7150b747ba20875259c74b2cd177316c","name":"aaepolitica","image":{"@type":"ImageObject","inLanguage":"es","@id":"https:\/\/secure.gravatar.com\/avatar\/b4c835a24b26f7310194c9c19eee26567492d7a70e27fc0adad2d6b1983478c9?s=96&d=mm&r=g","url":"https:\/\/secure.gravatar.com\/avatar\/b4c835a24b26f7310194c9c19eee26567492d7a70e27fc0adad2d6b1983478c9?s=96&d=mm&r=g","contentUrl":"https:\/\/secure.gravatar.com\/avatar\/b4c835a24b26f7310194c9c19eee26567492d7a70e27fc0adad2d6b1983478c9?s=96&d=mm&r=g","caption":"aaepolitica"},"sameAs":["https:\/\/aaep.org.ar"]}]}},"_links":{"self":[{"href":"https:\/\/aaep.org.ar\/index.php?rest_route=\/wp\/v2\/posts\/9109","targetHints":{"allow":["GET"]}}],"collection":[{"href":"https:\/\/aaep.org.ar\/index.php?rest_route=\/wp\/v2\/posts"}],"about":[{"href":"https:\/\/aaep.org.ar\/index.php?rest_route=\/wp\/v2\/types\/post"}],"author":[{"embeddable":true,"href":"https:\/\/aaep.org.ar\/index.php?rest_route=\/wp\/v2\/users\/1"}],"replies":[{"embeddable":true,"href":"https:\/\/aaep.org.ar\/index.php?rest_route=%2Fwp%2Fv2%2Fcomments&post=9109"}],"version-history":[{"count":2,"href":"https:\/\/aaep.org.ar\/index.php?rest_route=\/wp\/v2\/posts\/9109\/revisions"}],"predecessor-version":[{"id":9111,"href":"https:\/\/aaep.org.ar\/index.php?rest_route=\/wp\/v2\/posts\/9109\/revisions\/9111"}],"wp:attachment":[{"href":"https:\/\/aaep.org.ar\/index.php?rest_route=%2Fwp%2Fv2%2Fmedia&parent=9109"}],"wp:term":[{"taxonomy":"category","embeddable":true,"href":"https:\/\/aaep.org.ar\/index.php?rest_route=%2Fwp%2Fv2%2Fcategories&post=9109"},{"taxonomy":"post_tag","embeddable":true,"href":"https:\/\/aaep.org.ar\/index.php?rest_route=%2Fwp%2Fv2%2Ftags&post=9109"}],"curies":[{"name":"wp","href":"https:\/\/api.w.org\/{rel}","templated":true}]}}