{"id":9121,"date":"2025-12-15T20:47:28","date_gmt":"2025-12-15T23:47:28","guid":{"rendered":"https:\/\/aaep.org.ar\/?p=9121"},"modified":"2025-12-15T20:47:29","modified_gmt":"2025-12-15T23:47:29","slug":"factores-asociados-al-rendimiento-academico-universitario-caracterizacion-de-la-funcion-de-produccion-educativa-universitaria-para-estudiantes-de-la-fce-uncuyo-entre-2015-y-2024","status":"publish","type":"post","link":"https:\/\/aaep.org.ar\/?p=9121","title":{"rendered":"FACTORES ASOCIADOS AL RENDIMIENTO ACAD\u00c9MICO UNIVERSITARIO: CARACTERIZACI\u00d3N DE LA FUNCI\u00d3N DE PRODUCCI\u00d3N EDUCATIVA UNIVERSITARIA PARA ESTUDIANTES DE LA FCE-UNCUYO ENTRE 2015 Y 2024"},"content":{"rendered":"<iframe loading=\"lazy\" class=\"wonderplugin-pdf-iframe\" src=\"https:\/\/aaep.org.ar\/wp-content\/plugins\/wonderplugin-pdf-embed\/pdfjslight\/web\/viewer.html?v=2&file=https:\/\/aaep.org.ar\/works\/works2025\/4838.pdf\" width=\"100%\" height=\"600px\" style=\"border:0;\"><\/iframe>\n\n\n\n<p><\/p>\n\n\n\n<p><\/p>\n","protected":false},"excerpt":{"rendered":"<p>La Educaci\u00f3n y su eficiencia es de inter\u00e9s para economistas y m\u00faltiples sectores de la sociedad. Esta investigaci\u00f3n cuantitativa descriptiva\/correlacional, enfocada desde la Econom\u00eda de la Educaci\u00f3n, tiene el objetivo de caracterizar la Funci\u00f3n de Producci\u00f3n Educativa de los estudiantes de la Facultad de Ciencias Econ\u00f3micas (FCE) de la Universidad Nacional de Cuyo (UNCuyo), reconociendo factores relacionados al Rendimiento Acad\u00e9mico (RA) entre 2015 y 2024. Se estima un Modelo Est\u00e1ndar de Regresi\u00f3n por MCO con errores robustos para un grupo de variables seleccionadas en base al m\u00e9todo Stepwise, con datos corte transversal obtenidos del Sistema de Gesti\u00f3n Acad\u00e9mica, SIU Guaran\u00ed, de la Facultad. Se encuentra que Factores de Base, (g\u00e9nero y la edad); Caracter\u00edsticas Acad\u00e9micas, como su Carrera, sede de cursado y nivel de idiomas; y Factores del Entorno Socioecon\u00f3mico, como con qui\u00e9n viven, si trabaja, el tipo de cobertura de salud y las razones por las que se elige la Carrera o Instituci\u00f3n, se relacionan significativamente con el RA. Luego, al estimar un Modelo de Regresi\u00f3n por Cuantiles se encuentra que no cambian los signos de los coeficientes con respecto a los estimados por MCO, pero s\u00ed var\u00eda el grado y significancia a trav\u00e9s de los diferentes cuantiles.<\/p>\n","protected":false},"author":1,"featured_media":0,"comment_status":"closed","ping_status":"open","sticky":false,"template":"","format":"standard","meta":{"_acf_changed":false,"_coblocks_attr":"","_coblocks_dimensions":"","_coblocks_responsive_height":"","_coblocks_accordion_ie_support":"","footnotes":""},"categories":[29],"tags":[33],"class_list":["post-9121","post","type-post","status-publish","format-standard","hentry","category-anales","tag-aaep-anales-2025"],"acf":[],"yoast_head":"<!-- This site is optimized with the Yoast SEO plugin v27.5 - https:\/\/yoast.com\/product\/yoast-seo-wordpress\/ -->\n<title>FACTORES ASOCIADOS AL RENDIMIENTO ACAD\u00c9MICO UNIVERSITARIO: CARACTERIZACI\u00d3N DE LA FUNCI\u00d3N DE PRODUCCI\u00d3N EDUCATIVA UNIVERSITARIA PARA ESTUDIANTES DE LA FCE-UNCUYO ENTRE 2015 Y 2024 - Asociaci\u00f3n Argentina de Econom\u00eda Pol\u00edtica<\/title>\n<meta name=\"robots\" content=\"noindex, follow\" \/>\n<meta property=\"og:locale\" content=\"es_ES\" \/>\n<meta property=\"og:type\" content=\"article\" \/>\n<meta property=\"og:title\" content=\"FACTORES ASOCIADOS AL RENDIMIENTO ACAD\u00c9MICO UNIVERSITARIO: CARACTERIZACI\u00d3N DE LA FUNCI\u00d3N DE PRODUCCI\u00d3N EDUCATIVA UNIVERSITARIA PARA ESTUDIANTES DE LA FCE-UNCUYO ENTRE 2015 Y 2024 - Asociaci\u00f3n Argentina de Econom\u00eda Pol\u00edtica\" \/>\n<meta property=\"og:description\" content=\"La Educaci\u00f3n y su eficiencia es de inter\u00e9s para economistas y m\u00faltiples sectores de la sociedad. Esta investigaci\u00f3n cuantitativa descriptiva\/correlacional, enfocada desde la Econom\u00eda de la Educaci\u00f3n, tiene el objetivo de caracterizar la Funci\u00f3n de Producci\u00f3n Educativa de los estudiantes de la Facultad de Ciencias Econ\u00f3micas (FCE) de la Universidad Nacional de Cuyo (UNCuyo), reconociendo factores relacionados al Rendimiento Acad\u00e9mico (RA) entre 2015 y 2024. Se estima un Modelo Est\u00e1ndar de Regresi\u00f3n por MCO con errores robustos para un grupo de variables seleccionadas en base al m\u00e9todo Stepwise, con datos corte transversal obtenidos del Sistema de Gesti\u00f3n Acad\u00e9mica, SIU Guaran\u00ed, de la Facultad. Se encuentra que Factores de Base, (g\u00e9nero y la edad); Caracter\u00edsticas Acad\u00e9micas, como su Carrera, sede de cursado y nivel de idiomas; y Factores del Entorno Socioecon\u00f3mico, como con qui\u00e9n viven, si trabaja, el tipo de cobertura de salud y las razones por las que se elige la Carrera o Instituci\u00f3n, se relacionan significativamente con el RA. Luego, al estimar un Modelo de Regresi\u00f3n por Cuantiles se encuentra que no cambian los signos de los coeficientes con respecto a los estimados por MCO, pero s\u00ed var\u00eda el grado y significancia a trav\u00e9s de los diferentes cuantiles.\" \/>\n<meta property=\"og:url\" content=\"https:\/\/aaep.org.ar\/?p=9121\" \/>\n<meta property=\"og:site_name\" content=\"Asociaci\u00f3n Argentina de Econom\u00eda Pol\u00edtica\" \/>\n<meta property=\"article:published_time\" content=\"2025-12-15T23:47:28+00:00\" \/>\n<meta property=\"article:modified_time\" content=\"2025-12-15T23:47:29+00:00\" \/>\n<meta name=\"author\" content=\"aaepolitica\" \/>\n<meta name=\"twitter:card\" content=\"summary_large_image\" \/>\n<meta name=\"twitter:creator\" content=\"@aaepoficial\" \/>\n<meta name=\"twitter:site\" content=\"@aaepoficial\" \/>\n<meta name=\"twitter:label1\" content=\"Escrito por\" \/>\n\t<meta name=\"twitter:data1\" content=\"aaepolitica\" \/>\n<script type=\"application\/ld+json\" class=\"yoast-schema-graph\">{\"@context\":\"https:\\\/\\\/schema.org\",\"@graph\":[{\"@type\":\"Article\",\"@id\":\"https:\\\/\\\/aaep.org.ar\\\/?p=9121#article\",\"isPartOf\":{\"@id\":\"https:\\\/\\\/aaep.org.ar\\\/?p=9121\"},\"author\":{\"name\":\"aaepolitica\",\"@id\":\"https:\\\/\\\/aaep.org.ar\\\/#\\\/schema\\\/person\\\/7150b747ba20875259c74b2cd177316c\"},\"headline\":\"FACTORES ASOCIADOS AL RENDIMIENTO ACAD\u00c9MICO UNIVERSITARIO: CARACTERIZACI\u00d3N DE LA FUNCI\u00d3N DE PRODUCCI\u00d3N EDUCATIVA UNIVERSITARIA PARA ESTUDIANTES DE LA FCE-UNCUYO ENTRE 2015 Y 2024\",\"datePublished\":\"2025-12-15T23:47:28+00:00\",\"dateModified\":\"2025-12-15T23:47:29+00:00\",\"mainEntityOfPage\":{\"@id\":\"https:\\\/\\\/aaep.org.ar\\\/?p=9121\"},\"wordCount\":40,\"publisher\":{\"@id\":\"https:\\\/\\\/aaep.org.ar\\\/#organization\"},\"keywords\":[\"AAEP Anales 2025\"],\"articleSection\":[\"Anales\"],\"inLanguage\":\"es\"},{\"@type\":\"WebPage\",\"@id\":\"https:\\\/\\\/aaep.org.ar\\\/?p=9121\",\"url\":\"https:\\\/\\\/aaep.org.ar\\\/?p=9121\",\"name\":\"FACTORES ASOCIADOS AL RENDIMIENTO ACAD\u00c9MICO UNIVERSITARIO: CARACTERIZACI\u00d3N DE LA FUNCI\u00d3N DE PRODUCCI\u00d3N EDUCATIVA UNIVERSITARIA PARA ESTUDIANTES DE LA FCE-UNCUYO ENTRE 2015 Y 2024 - Asociaci\u00f3n Argentina de Econom\u00eda Pol\u00edtica\",\"isPartOf\":{\"@id\":\"https:\\\/\\\/aaep.org.ar\\\/#website\"},\"datePublished\":\"2025-12-15T23:47:28+00:00\",\"dateModified\":\"2025-12-15T23:47:29+00:00\",\"breadcrumb\":{\"@id\":\"https:\\\/\\\/aaep.org.ar\\\/?p=9121#breadcrumb\"},\"inLanguage\":\"es\",\"potentialAction\":[{\"@type\":\"ReadAction\",\"target\":[\"https:\\\/\\\/aaep.org.ar\\\/?p=9121\"]}]},{\"@type\":\"BreadcrumbList\",\"@id\":\"https:\\\/\\\/aaep.org.ar\\\/?p=9121#breadcrumb\",\"itemListElement\":[{\"@type\":\"ListItem\",\"position\":1,\"name\":\"Portada\",\"item\":\"https:\\\/\\\/aaep.org.ar\\\/\"},{\"@type\":\"ListItem\",\"position\":2,\"name\":\"FACTORES ASOCIADOS AL RENDIMIENTO ACAD\u00c9MICO UNIVERSITARIO: CARACTERIZACI\u00d3N DE LA FUNCI\u00d3N DE PRODUCCI\u00d3N EDUCATIVA UNIVERSITARIA PARA ESTUDIANTES DE LA FCE-UNCUYO ENTRE 2015 Y 2024\"}]},{\"@type\":\"WebSite\",\"@id\":\"https:\\\/\\\/aaep.org.ar\\\/#website\",\"url\":\"https:\\\/\\\/aaep.org.ar\\\/\",\"name\":\"Asociaci\u00f3n Argentina de Econom\u00eda Pol\u00edtica\",\"description\":\"Asociaci\u00f3n Argentina de Econom\u00eda Pol\u00edtica\",\"publisher\":{\"@id\":\"https:\\\/\\\/aaep.org.ar\\\/#organization\"},\"potentialAction\":[{\"@type\":\"SearchAction\",\"target\":{\"@type\":\"EntryPoint\",\"urlTemplate\":\"https:\\\/\\\/aaep.org.ar\\\/?s={search_term_string}\"},\"query-input\":{\"@type\":\"PropertyValueSpecification\",\"valueRequired\":true,\"valueName\":\"search_term_string\"}}],\"inLanguage\":\"es\"},{\"@type\":\"Organization\",\"@id\":\"https:\\\/\\\/aaep.org.ar\\\/#organization\",\"name\":\"Asociaci\u00f3n Argentina de Econom\u00eda Pol\u00edtica\",\"url\":\"https:\\\/\\\/aaep.org.ar\\\/\",\"logo\":{\"@type\":\"ImageObject\",\"inLanguage\":\"es\",\"@id\":\"https:\\\/\\\/aaep.org.ar\\\/#\\\/schema\\\/logo\\\/image\\\/\",\"url\":\"https:\\\/\\\/aaep.org.ar\\\/wp-content\\\/uploads\\\/2022\\\/05\\\/cropped-aaep_logo.png\",\"contentUrl\":\"https:\\\/\\\/aaep.org.ar\\\/wp-content\\\/uploads\\\/2022\\\/05\\\/cropped-aaep_logo.png\",\"width\":74,\"height\":49,\"caption\":\"Asociaci\u00f3n Argentina de Econom\u00eda Pol\u00edtica\"},\"image\":{\"@id\":\"https:\\\/\\\/aaep.org.ar\\\/#\\\/schema\\\/logo\\\/image\\\/\"},\"sameAs\":[\"https:\\\/\\\/x.com\\\/aaepoficial\",\"https:\\\/\\\/www.instagram.com\\\/aaepoficial\\\/\"]},{\"@type\":\"Person\",\"@id\":\"https:\\\/\\\/aaep.org.ar\\\/#\\\/schema\\\/person\\\/7150b747ba20875259c74b2cd177316c\",\"name\":\"aaepolitica\",\"image\":{\"@type\":\"ImageObject\",\"inLanguage\":\"es\",\"@id\":\"https:\\\/\\\/secure.gravatar.com\\\/avatar\\\/b4c835a24b26f7310194c9c19eee26567492d7a70e27fc0adad2d6b1983478c9?s=96&d=mm&r=g\",\"url\":\"https:\\\/\\\/secure.gravatar.com\\\/avatar\\\/b4c835a24b26f7310194c9c19eee26567492d7a70e27fc0adad2d6b1983478c9?s=96&d=mm&r=g\",\"contentUrl\":\"https:\\\/\\\/secure.gravatar.com\\\/avatar\\\/b4c835a24b26f7310194c9c19eee26567492d7a70e27fc0adad2d6b1983478c9?s=96&d=mm&r=g\",\"caption\":\"aaepolitica\"},\"sameAs\":[\"https:\\\/\\\/aaep.org.ar\"]}]}<\/script>\n<!-- \/ Yoast SEO plugin. -->","yoast_head_json":{"title":"FACTORES ASOCIADOS AL RENDIMIENTO ACAD\u00c9MICO UNIVERSITARIO: CARACTERIZACI\u00d3N DE LA FUNCI\u00d3N DE PRODUCCI\u00d3N EDUCATIVA UNIVERSITARIA PARA ESTUDIANTES DE LA FCE-UNCUYO ENTRE 2015 Y 2024 - Asociaci\u00f3n Argentina de Econom\u00eda Pol\u00edtica","robots":{"index":"noindex","follow":"follow"},"og_locale":"es_ES","og_type":"article","og_title":"FACTORES ASOCIADOS AL RENDIMIENTO ACAD\u00c9MICO UNIVERSITARIO: CARACTERIZACI\u00d3N DE LA FUNCI\u00d3N DE PRODUCCI\u00d3N EDUCATIVA UNIVERSITARIA PARA ESTUDIANTES DE LA FCE-UNCUYO ENTRE 2015 Y 2024 - Asociaci\u00f3n Argentina de Econom\u00eda Pol\u00edtica","og_description":"La Educaci\u00f3n y su eficiencia es de inter\u00e9s para economistas y m\u00faltiples sectores de la sociedad. Esta investigaci\u00f3n cuantitativa descriptiva\/correlacional, enfocada desde la Econom\u00eda de la Educaci\u00f3n, tiene el objetivo de caracterizar la Funci\u00f3n de Producci\u00f3n Educativa de los estudiantes de la Facultad de Ciencias Econ\u00f3micas (FCE) de la Universidad Nacional de Cuyo (UNCuyo), reconociendo factores relacionados al Rendimiento Acad\u00e9mico (RA) entre 2015 y 2024. Se estima un Modelo Est\u00e1ndar de Regresi\u00f3n por MCO con errores robustos para un grupo de variables seleccionadas en base al m\u00e9todo Stepwise, con datos corte transversal obtenidos del Sistema de Gesti\u00f3n Acad\u00e9mica, SIU Guaran\u00ed, de la Facultad. Se encuentra que Factores de Base, (g\u00e9nero y la edad); Caracter\u00edsticas Acad\u00e9micas, como su Carrera, sede de cursado y nivel de idiomas; y Factores del Entorno Socioecon\u00f3mico, como con qui\u00e9n viven, si trabaja, el tipo de cobertura de salud y las razones por las que se elige la Carrera o Instituci\u00f3n, se relacionan significativamente con el RA. Luego, al estimar un Modelo de Regresi\u00f3n por Cuantiles se encuentra que no cambian los signos de los coeficientes con respecto a los estimados por MCO, pero s\u00ed var\u00eda el grado y significancia a trav\u00e9s de los diferentes cuantiles.","og_url":"https:\/\/aaep.org.ar\/?p=9121","og_site_name":"Asociaci\u00f3n Argentina de Econom\u00eda Pol\u00edtica","article_published_time":"2025-12-15T23:47:28+00:00","article_modified_time":"2025-12-15T23:47:29+00:00","author":"aaepolitica","twitter_card":"summary_large_image","twitter_creator":"@aaepoficial","twitter_site":"@aaepoficial","twitter_misc":{"Escrito por":"aaepolitica"},"schema":{"@context":"https:\/\/schema.org","@graph":[{"@type":"Article","@id":"https:\/\/aaep.org.ar\/?p=9121#article","isPartOf":{"@id":"https:\/\/aaep.org.ar\/?p=9121"},"author":{"name":"aaepolitica","@id":"https:\/\/aaep.org.ar\/#\/schema\/person\/7150b747ba20875259c74b2cd177316c"},"headline":"FACTORES ASOCIADOS AL RENDIMIENTO ACAD\u00c9MICO UNIVERSITARIO: CARACTERIZACI\u00d3N DE LA FUNCI\u00d3N DE PRODUCCI\u00d3N EDUCATIVA UNIVERSITARIA PARA ESTUDIANTES DE LA FCE-UNCUYO ENTRE 2015 Y 2024","datePublished":"2025-12-15T23:47:28+00:00","dateModified":"2025-12-15T23:47:29+00:00","mainEntityOfPage":{"@id":"https:\/\/aaep.org.ar\/?p=9121"},"wordCount":40,"publisher":{"@id":"https:\/\/aaep.org.ar\/#organization"},"keywords":["AAEP Anales 2025"],"articleSection":["Anales"],"inLanguage":"es"},{"@type":"WebPage","@id":"https:\/\/aaep.org.ar\/?p=9121","url":"https:\/\/aaep.org.ar\/?p=9121","name":"FACTORES ASOCIADOS AL RENDIMIENTO ACAD\u00c9MICO UNIVERSITARIO: CARACTERIZACI\u00d3N DE LA FUNCI\u00d3N DE PRODUCCI\u00d3N EDUCATIVA UNIVERSITARIA PARA ESTUDIANTES DE LA FCE-UNCUYO ENTRE 2015 Y 2024 - Asociaci\u00f3n Argentina de Econom\u00eda Pol\u00edtica","isPartOf":{"@id":"https:\/\/aaep.org.ar\/#website"},"datePublished":"2025-12-15T23:47:28+00:00","dateModified":"2025-12-15T23:47:29+00:00","breadcrumb":{"@id":"https:\/\/aaep.org.ar\/?p=9121#breadcrumb"},"inLanguage":"es","potentialAction":[{"@type":"ReadAction","target":["https:\/\/aaep.org.ar\/?p=9121"]}]},{"@type":"BreadcrumbList","@id":"https:\/\/aaep.org.ar\/?p=9121#breadcrumb","itemListElement":[{"@type":"ListItem","position":1,"name":"Portada","item":"https:\/\/aaep.org.ar\/"},{"@type":"ListItem","position":2,"name":"FACTORES ASOCIADOS AL RENDIMIENTO ACAD\u00c9MICO UNIVERSITARIO: CARACTERIZACI\u00d3N DE LA FUNCI\u00d3N DE PRODUCCI\u00d3N EDUCATIVA UNIVERSITARIA PARA ESTUDIANTES DE LA FCE-UNCUYO ENTRE 2015 Y 2024"}]},{"@type":"WebSite","@id":"https:\/\/aaep.org.ar\/#website","url":"https:\/\/aaep.org.ar\/","name":"Asociaci\u00f3n Argentina de Econom\u00eda Pol\u00edtica","description":"Asociaci\u00f3n Argentina de Econom\u00eda Pol\u00edtica","publisher":{"@id":"https:\/\/aaep.org.ar\/#organization"},"potentialAction":[{"@type":"SearchAction","target":{"@type":"EntryPoint","urlTemplate":"https:\/\/aaep.org.ar\/?s={search_term_string}"},"query-input":{"@type":"PropertyValueSpecification","valueRequired":true,"valueName":"search_term_string"}}],"inLanguage":"es"},{"@type":"Organization","@id":"https:\/\/aaep.org.ar\/#organization","name":"Asociaci\u00f3n Argentina de Econom\u00eda Pol\u00edtica","url":"https:\/\/aaep.org.ar\/","logo":{"@type":"ImageObject","inLanguage":"es","@id":"https:\/\/aaep.org.ar\/#\/schema\/logo\/image\/","url":"https:\/\/aaep.org.ar\/wp-content\/uploads\/2022\/05\/cropped-aaep_logo.png","contentUrl":"https:\/\/aaep.org.ar\/wp-content\/uploads\/2022\/05\/cropped-aaep_logo.png","width":74,"height":49,"caption":"Asociaci\u00f3n Argentina de Econom\u00eda Pol\u00edtica"},"image":{"@id":"https:\/\/aaep.org.ar\/#\/schema\/logo\/image\/"},"sameAs":["https:\/\/x.com\/aaepoficial","https:\/\/www.instagram.com\/aaepoficial\/"]},{"@type":"Person","@id":"https:\/\/aaep.org.ar\/#\/schema\/person\/7150b747ba20875259c74b2cd177316c","name":"aaepolitica","image":{"@type":"ImageObject","inLanguage":"es","@id":"https:\/\/secure.gravatar.com\/avatar\/b4c835a24b26f7310194c9c19eee26567492d7a70e27fc0adad2d6b1983478c9?s=96&d=mm&r=g","url":"https:\/\/secure.gravatar.com\/avatar\/b4c835a24b26f7310194c9c19eee26567492d7a70e27fc0adad2d6b1983478c9?s=96&d=mm&r=g","contentUrl":"https:\/\/secure.gravatar.com\/avatar\/b4c835a24b26f7310194c9c19eee26567492d7a70e27fc0adad2d6b1983478c9?s=96&d=mm&r=g","caption":"aaepolitica"},"sameAs":["https:\/\/aaep.org.ar"]}]}},"_links":{"self":[{"href":"https:\/\/aaep.org.ar\/index.php?rest_route=\/wp\/v2\/posts\/9121","targetHints":{"allow":["GET"]}}],"collection":[{"href":"https:\/\/aaep.org.ar\/index.php?rest_route=\/wp\/v2\/posts"}],"about":[{"href":"https:\/\/aaep.org.ar\/index.php?rest_route=\/wp\/v2\/types\/post"}],"author":[{"embeddable":true,"href":"https:\/\/aaep.org.ar\/index.php?rest_route=\/wp\/v2\/users\/1"}],"replies":[{"embeddable":true,"href":"https:\/\/aaep.org.ar\/index.php?rest_route=%2Fwp%2Fv2%2Fcomments&post=9121"}],"version-history":[{"count":2,"href":"https:\/\/aaep.org.ar\/index.php?rest_route=\/wp\/v2\/posts\/9121\/revisions"}],"predecessor-version":[{"id":9123,"href":"https:\/\/aaep.org.ar\/index.php?rest_route=\/wp\/v2\/posts\/9121\/revisions\/9123"}],"wp:attachment":[{"href":"https:\/\/aaep.org.ar\/index.php?rest_route=%2Fwp%2Fv2%2Fmedia&parent=9121"}],"wp:term":[{"taxonomy":"category","embeddable":true,"href":"https:\/\/aaep.org.ar\/index.php?rest_route=%2Fwp%2Fv2%2Fcategories&post=9121"},{"taxonomy":"post_tag","embeddable":true,"href":"https:\/\/aaep.org.ar\/index.php?rest_route=%2Fwp%2Fv2%2Ftags&post=9121"}],"curies":[{"name":"wp","href":"https:\/\/api.w.org\/{rel}","templated":true}]}}